{"id":107,"date":"1999-08-12T09:13:15","date_gmt":"1999-08-12T09:13:15","guid":{"rendered":"http:\/\/baum-patenschaft.de\/?p=107"},"modified":"2015-01-28T14:33:29","modified_gmt":"2015-01-28T12:33:29","slug":"baeume-gegen-wueste","status":"publish","type":"post","link":"https:\/\/baeume.de\/de\/blog\/baeume-gegen-wueste.html","title":{"rendered":"B\u00e4ume gegen W\u00fcste"},"content":{"rendered":"<p>[vc_row][vc_column][vc_column_text]<strong>Projekt hilft Menschen in Namibia<\/strong><\/p>\n<p>Ausgetrockneter Boden und verkr\u00fcppelte Baumreste &#8211; im Norden Namibias, wo urspr\u00fcnglich trockener Savannenwald die Landschaft bestimmt hat, erstreckt sich jetzt eine trostlose Gegend.<\/p>\n<p>In diesem \u00d6dland soll ein Netzwerk von Baumschulen die Aufforstung vorantreiben. Die Idee dazu stammt aus Deutschland. Der Weilheimer Versicherungskaufmann Gottfried Brenner hat vor f\u00fcnf Jahren die Organisation &#8222;B\u00e4ume f\u00fcr Menschen &#8211; Trees for the World&#8220; gegr\u00fcndet.<\/p>\n<p>Eine erste Mutterbaumschule wurde in Odangwa im Nordwesten Namibias aufgebaut. Hier werden die B\u00e4umchen gezogen.\u00a0Es sind einheimische Nutz- und Obstbaumarten, die einerseits Holz f\u00fcr den Energiebedarf liefern sollen und anderseits Fr\u00fcchte zur Ern\u00e4hrung. Die Baumschule sollen helfen die Lebensgrundlage der Menschen in dieser Region wieder herzustellen, die sie sich selbst entzogen hatten.\u00a0Als die Bev\u00f6lkerung noch nomadisch lebte, hatten Boden und Vegetation zwischen Nutzungsperioden genug Zeit, sich zu erholen. Dass sind die Menschen sesshaft geworden und haben die W\u00e4lder durch Brandrodung, Abholzen und Viehzucht zerst\u00f6rt. Damit die Menschen der Region die Aufforstung selbst betreuen k\u00f6nnen, werden die Ma\u00dfnahmen von einem namibischen Schwesternverein geleitet.<\/p>\n<p>Die einheimischen Mitarbeiter organisieren Basare und Workshops und zeigen Ihren Landsleuten, wie sie das Land in Zukunft schonender nutzen k\u00f6nnen. Der Verein in Weilheim finanziert diese Arbeit. Das eingez\u00e4unte Gel\u00e4nde der Mutterbaumschule in Ondangwa liegt im Stadtgebiet und ist 10 000 Quadratmeter gro\u00df.\u00a0Zwei weitere Baumschulen werden zurzeit im Aufforstungsgebiet eingerichtet. Ein Anfang f\u00fcr das Netzwerk ist also gemacht, jetzt m\u00fcssen die B\u00e4umchen nur noch wachsen. Dann k\u00f6nnen in ein paar Jahren die ersten Mangos, Zitronen und Marulafr\u00fcchte geerntet werden.[\/vc_column_text][vc_single_image image=&#8220;804&#8243; alignment=&#8220;center&#8220; border_color=&#8220;grey&#8220; img_link_large=&#8220;yes&#8220; img_link_target=&#8220;_self&#8220; css_animation=&#8220;appear&#8220; img_size=&#8220;medium&#8220;][\/vc_column][\/vc_row]<\/p>\n","protected":false},"excerpt":{"rendered":"<p>[vc_row][vc_column][vc_column_text]Projekt hilft Menschen in Namibia Ausgetrockneter Boden und verkr\u00fcppelte Baumreste &#8211; im Norden Namibias, wo urspr\u00fcnglich trockener Savannenwald die Landschaft bestimmt hat, erstreckt sich jetzt eine trostlose Gegend. In diesem \u00d6dland soll ein Netzwerk von Baumschulen die Aufforstung vorantreiben. Die Idee dazu stammt aus Deutschland. Der Weilheimer Versicherungskaufmann Gottfried Brenner hat vor f\u00fcnf Jahren die [&hellip;]<\/p>\n","protected":false},"author":2,"featured_media":0,"comment_status":"closed","ping_status":"closed","sticky":false,"template":"","format":"standard","meta":{"footnotes":""},"categories":[12],"tags":[],"class_list":["post-107","post","type-post","status-publish","format-standard","hentry","category-pressespiegel-1999"],"_links":{"self":[{"href":"https:\/\/baeume.de\/de\/wp-json\/wp\/v2\/posts\/107","targetHints":{"allow":["GET"]}}],"collection":[{"href":"https:\/\/baeume.de\/de\/wp-json\/wp\/v2\/posts"}],"about":[{"href":"https:\/\/baeume.de\/de\/wp-json\/wp\/v2\/types\/post"}],"author":[{"embeddable":true,"href":"https:\/\/baeume.de\/de\/wp-json\/wp\/v2\/users\/2"}],"replies":[{"embeddable":true,"href":"https:\/\/baeume.de\/de\/wp-json\/wp\/v2\/comments?post=107"}],"version-history":[{"count":0,"href":"https:\/\/baeume.de\/de\/wp-json\/wp\/v2\/posts\/107\/revisions"}],"wp:attachment":[{"href":"https:\/\/baeume.de\/de\/wp-json\/wp\/v2\/media?parent=107"}],"wp:term":[{"taxonomy":"category","embeddable":true,"href":"https:\/\/baeume.de\/de\/wp-json\/wp\/v2\/categories?post=107"},{"taxonomy":"post_tag","embeddable":true,"href":"https:\/\/baeume.de\/de\/wp-json\/wp\/v2\/tags?post=107"}],"curies":[{"name":"wp","href":"https:\/\/api.w.org\/{rel}","templated":true}]}}