{"id":111,"date":"1999-09-16T09:14:17","date_gmt":"1999-09-16T09:14:17","guid":{"rendered":"http:\/\/baum-patenschaft.de\/?p=111"},"modified":"2015-02-02T16:06:29","modified_gmt":"2015-02-02T14:06:29","slug":"25-000-samen-sollen-ondangwa-helfen","status":"publish","type":"post","link":"https:\/\/baeume.de\/de\/blog\/25-000-samen-sollen-ondangwa-helfen.html","title":{"rendered":"25.000 Samen sollen Ondangwa helfen"},"content":{"rendered":"<p>[vc_row][vc_column][vc_column_text]<strong>B\u00e4ume pflanzen ist in Namibia wieder &#8222;in&#8220;<\/strong><\/p>\n<p>Weilheim &#8211; Den katastophalen Folgen von Abholzung und \u00dcberweidung in Namibia haben sich die Umweltsch\u00fctzer von &#8222;B\u00e4ume f\u00fcr Menschen&#8220; mit Sitz in Weilheim angenommen. Die \u00d6ko-Initiative startete vor vier Monaten ein Baum-Projekt in Ondangwa im Nordwesten des Landes. 25.000 neue B\u00e4ume wurden ausgesetzt. Die erste Bilanz ist positiv: Die Bev\u00f6lkerung w\u00fcrde das Projekt akzeptieren, B\u00e4ume pflanzen in Ondangwa sei wieder &#8222;in&#8220;.<\/p>\n<p>Die Vegetation in Ondangwa pr\u00e4sentiert sich in einem erb\u00e4rmlichen Zustand, klagen die Umweltsch\u00fctzer. Durch Abholzung und \u00dcberweidung sei der Wald weitgehend verschwunden. Die Folgen: Die Armut nimmt zu, die Wasserrreserven werden geringer, die Weidefl\u00e4chen verschwinden. Der unbedeckte Boden sei der Erosion schutzlos preisgegeben.<\/p>\n<p>Und seine einheimischen Mitarbeiter 25000 Samen von Frucht- und Nutzb\u00e4umen. Die Pflanzen wachsen unter einem 360 Quadratmeter gro\u00dfen Schattennetz heran und werden nach zwei Jahren in \u00f6rtliche Baumschulen ausgeliefert. F\u00fcr die Kinder in Ondangwa ist die Aktion eine ganz neue Erfahrung. Zusammen mit ihren Eltern lernen sie, wie man junge B\u00e4ume pflanzt und sie pflegt.<\/p>\n<p>Die Menschen sollen erfahren, wie wichtig die B\u00e4ume, meist Mangos, Marulas und wilde Feigen, f\u00fcr die Umwelt sind. Gottfried Brenner, Vorsitzender der F\u00f6rdergemeinschaft: \u201e In einigen Jahren wird die Mutterbaumschule von Einheimischen vor Ort betreut.\u201c Dann, so hofft Brenner, soll sich die Einrichtung finanziell tragen. Infos \u00fcbers Projekt und die Umweltgruppe: Telefon 0881 \/ 8001 , Fax 0881 \/ 8111 .[\/vc_column_text][vc_single_image image=&#8220;1213&#8243; alignment=&#8220;center&#8220; border_color=&#8220;grey&#8220; img_link_large=&#8220;yes&#8220; img_link_target=&#8220;_self&#8220; css_animation=&#8220;appear&#8220; img_size=&#8220;medium&#8220;][\/vc_column][\/vc_row]<\/p>\n","protected":false},"excerpt":{"rendered":"<p>[vc_row][vc_column][vc_column_text]B\u00e4ume pflanzen ist in Namibia wieder &#8222;in&#8220; Weilheim &#8211; Den katastophalen Folgen von Abholzung und \u00dcberweidung in Namibia haben sich die Umweltsch\u00fctzer von &#8222;B\u00e4ume f\u00fcr Menschen&#8220; mit Sitz in Weilheim angenommen. Die \u00d6ko-Initiative startete vor vier Monaten ein Baum-Projekt in Ondangwa im Nordwesten des Landes. 25.000 neue B\u00e4ume wurden ausgesetzt. Die erste Bilanz ist positiv: [&hellip;]<\/p>\n","protected":false},"author":2,"featured_media":0,"comment_status":"closed","ping_status":"closed","sticky":false,"template":"","format":"standard","meta":{"footnotes":""},"categories":[12],"tags":[],"class_list":["post-111","post","type-post","status-publish","format-standard","hentry","category-pressespiegel-1999"],"_links":{"self":[{"href":"https:\/\/baeume.de\/de\/wp-json\/wp\/v2\/posts\/111","targetHints":{"allow":["GET"]}}],"collection":[{"href":"https:\/\/baeume.de\/de\/wp-json\/wp\/v2\/posts"}],"about":[{"href":"https:\/\/baeume.de\/de\/wp-json\/wp\/v2\/types\/post"}],"author":[{"embeddable":true,"href":"https:\/\/baeume.de\/de\/wp-json\/wp\/v2\/users\/2"}],"replies":[{"embeddable":true,"href":"https:\/\/baeume.de\/de\/wp-json\/wp\/v2\/comments?post=111"}],"version-history":[{"count":0,"href":"https:\/\/baeume.de\/de\/wp-json\/wp\/v2\/posts\/111\/revisions"}],"wp:attachment":[{"href":"https:\/\/baeume.de\/de\/wp-json\/wp\/v2\/media?parent=111"}],"wp:term":[{"taxonomy":"category","embeddable":true,"href":"https:\/\/baeume.de\/de\/wp-json\/wp\/v2\/categories?post=111"},{"taxonomy":"post_tag","embeddable":true,"href":"https:\/\/baeume.de\/de\/wp-json\/wp\/v2\/tags?post=111"}],"curies":[{"name":"wp","href":"https:\/\/api.w.org\/{rel}","templated":true}]}}