{"id":1112,"date":"2005-03-29T11:20:56","date_gmt":"2005-03-29T09:20:56","guid":{"rendered":"http:\/\/baeume.de\/?p=1112"},"modified":"2015-02-02T11:25:31","modified_gmt":"2015-02-02T09:25:31","slug":"soellner-in-weilheim","status":"publish","type":"post","link":"https:\/\/baeume.de\/de\/blog\/soellner-in-weilheim.html","title":{"rendered":"S\u00f6llner in Weilheim"},"content":{"rendered":"<p>[vc_row][vc_column][vc_column_text]Seine Liebe zu Pflanzen und zu pflanzlichen Produkten hat ihn neben seiner Sangeskunst bekannt gemacht: Hans S\u00f6llner. Der Rastaman aus Bad Reichenhall gastiert mit weiteren Bands am Freitag, 8. April, f\u00fcr ein Benefizkonzert in der Weilheimer Hochlandhalle.<\/p>\n<p>Der Erl\u00f6s der Veranstaltung geht an ,,Trees for die World&#8220;, die UmweItschutzorganisation um den Weilheimer Gottfried Brenner. S\u00f6llner wird nicht der einzige Reggae-Musiker sein.<\/p>\n<p>Auch ,,General Maans&#8220;, ,,Dreadskin und ,,Jamaram&#8220; treten in der Hochlandhalle auf. Au\u00dferdem dabei: ,,Vinyltherapie&#8220; (Hip-Hop) und die Akrobatik-Gruppe ,,Vaganti&#8220; aus Weilheim. Letzteres symbolisieren die Entstehung eines Baumes, w\u00e4hrend Michael Holm, Sandra Hofmann und ,,Die Str\u00fcmpfe&#8220; das f\u00fcr ,,Trees for the World&#8220; produzierte Lied ,,Mother Earth&#8220; vorstellen. Karten: ,,Kreisboten&#8220; und Gesch\u00e4ftsstellen der Volks und Raiffeisenbanken.[\/vc_column_text][vc_single_image image=&#8220;1113&#8243; alignment=&#8220;center&#8220; border_color=&#8220;grey&#8220; img_link_large=&#8220;yes&#8220; img_link_target=&#8220;_self&#8220; css_animation=&#8220;appear&#8220; img_size=&#8220;medium&#8220;][\/vc_column][\/vc_row]<\/p>\n","protected":false},"excerpt":{"rendered":"<p>[vc_row][vc_column][vc_column_text]Seine Liebe zu Pflanzen und zu pflanzlichen Produkten hat ihn neben seiner Sangeskunst bekannt gemacht: Hans S\u00f6llner. Der Rastaman aus Bad Reichenhall gastiert mit weiteren Bands am Freitag, 8. April, f\u00fcr ein Benefizkonzert in der Weilheimer Hochlandhalle. Der Erl\u00f6s der Veranstaltung geht an ,,Trees for die World&#8220;, die UmweItschutzorganisation um den Weilheimer Gottfried Brenner. S\u00f6llner [&hellip;]<\/p>\n","protected":false},"author":2,"featured_media":0,"comment_status":"open","ping_status":"open","sticky":false,"template":"","format":"standard","meta":{"footnotes":""},"categories":[18],"tags":[],"class_list":["post-1112","post","type-post","status-publish","format-standard","hentry","category-pressespiegel-2005"],"_links":{"self":[{"href":"https:\/\/baeume.de\/de\/wp-json\/wp\/v2\/posts\/1112","targetHints":{"allow":["GET"]}}],"collection":[{"href":"https:\/\/baeume.de\/de\/wp-json\/wp\/v2\/posts"}],"about":[{"href":"https:\/\/baeume.de\/de\/wp-json\/wp\/v2\/types\/post"}],"author":[{"embeddable":true,"href":"https:\/\/baeume.de\/de\/wp-json\/wp\/v2\/users\/2"}],"replies":[{"embeddable":true,"href":"https:\/\/baeume.de\/de\/wp-json\/wp\/v2\/comments?post=1112"}],"version-history":[{"count":0,"href":"https:\/\/baeume.de\/de\/wp-json\/wp\/v2\/posts\/1112\/revisions"}],"wp:attachment":[{"href":"https:\/\/baeume.de\/de\/wp-json\/wp\/v2\/media?parent=1112"}],"wp:term":[{"taxonomy":"category","embeddable":true,"href":"https:\/\/baeume.de\/de\/wp-json\/wp\/v2\/categories?post=1112"},{"taxonomy":"post_tag","embeddable":true,"href":"https:\/\/baeume.de\/de\/wp-json\/wp\/v2\/tags?post=1112"}],"curies":[{"name":"wp","href":"https:\/\/api.w.org\/{rel}","templated":true}]}}