{"id":1130,"date":"2005-03-02T12:03:17","date_gmt":"2005-03-02T10:03:17","guid":{"rendered":"http:\/\/baeume.de\/?p=1130"},"modified":"2015-02-02T12:08:30","modified_gmt":"2015-02-02T10:08:30","slug":"baeume-fuer-menschen-trees-for-the-world-e-v-initiierte-pilotprojekt","status":"publish","type":"post","link":"https:\/\/baeume.de\/de\/blog\/baeume-fuer-menschen-trees-for-the-world-e-v-initiierte-pilotprojekt.html","title":{"rendered":"B\u00e4ume f\u00fcr Menschen &#8211; Trees for the World e.V.&#8220; initiierte Pilotprojekt"},"content":{"rendered":"<p>[vc_row][vc_column][vc_column_text]<strong>Pl\u00e4ne f\u00fcr den ersten Schulwald in Bayern<\/strong><\/p>\n<p>Weilheim i. OB &#8211; Seit einigen Jahren macht die Umweltschutzorganisation \u201eB\u00e4ume f\u00fcr Menschen &#8211; Trees for the World&#8220; durch umfangreiche Aufforstungsma\u00dfnahmen &#8211; u.a. in Bolivien und Namibia auf sich aufmerksam. Um Kindern und Jugendlichen die \u00f6kologische Bedeutung des Waldes auch vor Ort n\u00e4her zu bringen, brachte Gottfried Brenner, der Begr\u00fcnder von \u201eB\u00e4ume f\u00fcr Menschen &#8211; Trees for the World&#8220;, nun in seiner Heimatstadt Weilheim das erste bayrische Schulwaldprojekt ins Rollen.<\/p>\n<p>Ziel ist es, Sch\u00fclerinnen und Sch\u00fcler jeden Alters in die Aufforstung und Pflege ihres<br \/>\nSchulwaldes einzubeziehen. Geplant ist ein Naturwald, der einer m\u00f6glichst gro\u00dfen<br \/>\nArtenvielfalt Lebensraum bieten soll.<\/p>\n<p>Im gro\u00dfen Sitzungssaal des Weilheimer Rathauses pr\u00e4sentierte Gottfried Brenner seine Idee vor weniger? Tagen dem Weilheimer B\u00fcrgermeister Marcus Loth sowie Vertretern der Stadt und aller Weilheimer Schulen. Begleitet und unterst\u00fctzt wurde Brenners Pr\u00e4sentation von Jugendlichen der \u201eTrees for the World&#8220;-Jugendgruppe GreenCrossforNature.com., sowie von Gartenbauingenieur Thomas Janscheck. Ein Schulwald, so Janschek, eigene sich hervorragend, um Wissen und Staunen \u00fcber die Natur am lebendigen Beispiel zu vermitteln.<\/p>\n<p>Durch die aktive Mitarbeit der Sch\u00fcler, so der Fachmann, werde zudem das Verantwortungsbewusstsein f\u00fcr die Umwelt und die Bereitschaft, Leben- des zu achten, zu erhalten und zu sch\u00fctzen, gef\u00f6rdert. Eine geeignete Fl\u00e4che f\u00fcr das Projekt wurde umgehend von Tiefbauamtsleiter Adam Hollenbach vorgeschlagen: Denkbar, so Hollenbach, w\u00e4re die Anlage eines ortsnahen Naturwaldes entlang des Tiefenbachs. Dort war im Sommer 2004 bereits eine internationale Jugendgruppe zur Biotop- und Waldpflege im Einsatz.<\/p>\n<p>Das rund 7000 Quadratmeter gro\u00dfe Gel\u00e4nde befindet sich in unmittelbarer Nachbarschaft zum Areal der Naturfreunde, des Imkereivereins und dem Verein der Garten- und Blumenfreunde, was sinnvolle Synergieeffekte erwarten l\u00e4sst. Grunds\u00e4tzlich kooperativ zeigte sich auch Stadtf\u00f6rster Franz Schmidt, der den jungen Naturfreunden gerne mit Rat und Tat zur Seite stehen will. Weitere Gespr\u00e4che zur Realisierung des \u201ePilotprojekts Schulwald\u201c sollen \u2013 so die Vereinbarung aller Beteiligten \u2013 nach einer Begehung des vorgeschlagenen Standortes stattfinden.<\/p>\n<h1><\/h1>\n<h1><\/h1>\n<p>[\/vc_column_text][vc_single_image image=&#8220;1131&#8243; alignment=&#8220;center&#8220; border_color=&#8220;grey&#8220; img_link_large=&#8220;yes&#8220; img_link_target=&#8220;_self&#8220; css_animation=&#8220;appear&#8220; img_size=&#8220;medium&#8220;][\/vc_column][\/vc_row]<\/p>\n","protected":false},"excerpt":{"rendered":"<p>[vc_row][vc_column][vc_column_text]Pl\u00e4ne f\u00fcr den ersten Schulwald in Bayern Weilheim i. OB &#8211; Seit einigen Jahren macht die Umweltschutzorganisation \u201eB\u00e4ume f\u00fcr Menschen &#8211; Trees for the World&#8220; durch umfangreiche Aufforstungsma\u00dfnahmen &#8211; u.a. in Bolivien und Namibia auf sich aufmerksam. Um Kindern und Jugendlichen die \u00f6kologische Bedeutung des Waldes auch vor Ort n\u00e4her zu bringen, brachte Gottfried Brenner, [&hellip;]<\/p>\n","protected":false},"author":2,"featured_media":0,"comment_status":"open","ping_status":"open","sticky":false,"template":"","format":"standard","meta":{"footnotes":""},"categories":[18],"tags":[],"class_list":["post-1130","post","type-post","status-publish","format-standard","hentry","category-pressespiegel-2005"],"_links":{"self":[{"href":"https:\/\/baeume.de\/de\/wp-json\/wp\/v2\/posts\/1130","targetHints":{"allow":["GET"]}}],"collection":[{"href":"https:\/\/baeume.de\/de\/wp-json\/wp\/v2\/posts"}],"about":[{"href":"https:\/\/baeume.de\/de\/wp-json\/wp\/v2\/types\/post"}],"author":[{"embeddable":true,"href":"https:\/\/baeume.de\/de\/wp-json\/wp\/v2\/users\/2"}],"replies":[{"embeddable":true,"href":"https:\/\/baeume.de\/de\/wp-json\/wp\/v2\/comments?post=1130"}],"version-history":[{"count":0,"href":"https:\/\/baeume.de\/de\/wp-json\/wp\/v2\/posts\/1130\/revisions"}],"wp:attachment":[{"href":"https:\/\/baeume.de\/de\/wp-json\/wp\/v2\/media?parent=1130"}],"wp:term":[{"taxonomy":"category","embeddable":true,"href":"https:\/\/baeume.de\/de\/wp-json\/wp\/v2\/categories?post=1130"},{"taxonomy":"post_tag","embeddable":true,"href":"https:\/\/baeume.de\/de\/wp-json\/wp\/v2\/tags?post=1130"}],"curies":[{"name":"wp","href":"https:\/\/api.w.org\/{rel}","templated":true}]}}