{"id":1146,"date":"2007-05-09T12:49:52","date_gmt":"2007-05-09T10:49:52","guid":{"rendered":"http:\/\/baeume.de\/?p=1146"},"modified":"2015-10-22T09:21:41","modified_gmt":"2015-10-22T07:21:41","slug":"david-halupe-wird-zu-weihnachten-entlassen-2","status":"publish","type":"post","link":"https:\/\/baeume.de\/de\/blog\/david-halupe-wird-zu-weihnachten-entlassen-2.html","title":{"rendered":"David Halupe wird zu Weihnachten entlassen"},"content":{"rendered":"<p>[vc_row][vc_column][vc_column_text]<\/p>\n<h2>David kann entlassen werden<\/h2>\n<p>David Halupe, der schwerverbrannte Junge der sich hilfesuchend an Gottfried Brenner von B\u00e4ume f\u00fcr Menschen \u2013 Trees for the World \u2013 wandte, wurde am 13. Dezember an der linke Hand operiert. W\u00e4hrend des sechsst\u00fcndigen Eingriffs wurde der linke Ellebogen, das Handgelenk und die Finger operiert. Die Hand wurde im Leistenbereich unter die Haut gen\u00e4ht. Dadurch wird der Heilungsprozess beschleunigt denn das Gewebe wird \u00fcber das Blut, welches in der Haut des Bauches flie\u00dft, versorgt.<\/p>\n<p>Der Hauptlappen w\u00e4chst am Hautr\u00fccken fest wird in der 1. Januarwoche 2007 im UKM vom Bauch abgetrennt. Bereits einige Tage nach der Operation war David soweit, dass er freiwillig aufstand, sich mit anderen Patienten unterhielt und mit Begeisterung Memory spielt.<\/p>\n<p>Am 19. Dezember sollte David zu seiner Pflegefamilie nach Hohenpei\u00dfenberg entlassen werden. Da die Wunden aber leicht (laut Arzt unbedenklich) blutete, muss er noch bis Weihnachten im Krankenhaus bleiben.<\/p>\n<p>Termine f\u00fcr die weiteren notwendigen Operationen stehen noch nicht fest. Bisher bel\u00e4uft sich der Spendenbetrag f\u00fcr den Jungen David Halupe auf 21.500 Euro. Eine Vorrauszahlung an das UKM in H\u00f6he von 2.900 Euro musste geleistet werden. Dies entspricht einen Aufenthalt von sechs Tagen. Nachdem David nun l\u00e4nger bleiben muss, kommen weitere Kosten hinzu. Wer dem schwerverletztem Buben helfen m\u00f6chten, der spendete f\u00fcr seine weiteren Operationen die noch sehr zahlreich anstehen.[\/vc_column_text][vc_column_text]<\/p>\n<div id=\"attachment_1147\" style=\"width: 158px\" class=\"wp-caption alignnone\"><a href=\"\/wp-content\/uploads\/2015\/02\/web6.jpg\"><img loading=\"lazy\" decoding=\"async\" aria-describedby=\"caption-attachment-1147\" class=\"size-medium wp-image-1147\" src=\"\/wp-content\/uploads\/2015\/02\/web6-148x300.jpg\" alt=\"David Halupe wird zu Weihnachten entlassen\" width=\"148\" height=\"300\" srcset=\"https:\/\/baeume.de\/wp-content\/uploads\/2015\/02\/web6-148x300.jpg 148w, https:\/\/baeume.de\/wp-content\/uploads\/2015\/02\/web6-100x202.jpg 100w, https:\/\/baeume.de\/wp-content\/uploads\/2015\/02\/web6.jpg 494w\" sizes=\"auto, (max-width: 148px) 100vw, 148px\" \/><\/a><p id=\"caption-attachment-1147\" class=\"wp-caption-text\">David Halupe wird zu Weihnachten entlassen<\/p><\/div>\n<p>[\/vc_column_text][\/vc_column][\/vc_row]<\/p>\n","protected":false},"excerpt":{"rendered":"<p>[vc_row][vc_column][vc_column_text] David kann entlassen werden David Halupe, der schwerverbrannte Junge der sich hilfesuchend an Gottfried Brenner von B\u00e4ume f\u00fcr Menschen \u2013 Trees for the World \u2013 wandte, wurde am 13. Dezember an der linke Hand operiert. W\u00e4hrend des sechsst\u00fcndigen Eingriffs wurde der linke Ellebogen, das Handgelenk und die Finger operiert. Die Hand wurde im Leistenbereich [&hellip;]<\/p>\n","protected":false},"author":2,"featured_media":0,"comment_status":"open","ping_status":"open","sticky":false,"template":"","format":"standard","meta":{"footnotes":""},"categories":[29],"tags":[],"class_list":["post-1146","post","type-post","status-publish","format-standard","hentry","category-pressespiegel-2007"],"_links":{"self":[{"href":"https:\/\/baeume.de\/de\/wp-json\/wp\/v2\/posts\/1146","targetHints":{"allow":["GET"]}}],"collection":[{"href":"https:\/\/baeume.de\/de\/wp-json\/wp\/v2\/posts"}],"about":[{"href":"https:\/\/baeume.de\/de\/wp-json\/wp\/v2\/types\/post"}],"author":[{"embeddable":true,"href":"https:\/\/baeume.de\/de\/wp-json\/wp\/v2\/users\/2"}],"replies":[{"embeddable":true,"href":"https:\/\/baeume.de\/de\/wp-json\/wp\/v2\/comments?post=1146"}],"version-history":[{"count":0,"href":"https:\/\/baeume.de\/de\/wp-json\/wp\/v2\/posts\/1146\/revisions"}],"wp:attachment":[{"href":"https:\/\/baeume.de\/de\/wp-json\/wp\/v2\/media?parent=1146"}],"wp:term":[{"taxonomy":"category","embeddable":true,"href":"https:\/\/baeume.de\/de\/wp-json\/wp\/v2\/categories?post=1146"},{"taxonomy":"post_tag","embeddable":true,"href":"https:\/\/baeume.de\/de\/wp-json\/wp\/v2\/tags?post=1146"}],"curies":[{"name":"wp","href":"https:\/\/api.w.org\/{rel}","templated":true}]}}