{"id":1190,"date":"2011-01-26T15:25:57","date_gmt":"2011-01-26T13:25:57","guid":{"rendered":"http:\/\/baeume.de\/?p=1190"},"modified":"2015-10-20T10:42:25","modified_gmt":"2015-10-20T08:42:25","slug":"neues-vorhaben-auf-den-weg-gebracht","status":"publish","type":"post","link":"https:\/\/baeume.de\/de\/blog\/neues-vorhaben-auf-den-weg-gebracht.html","title":{"rendered":"Neues Sozialprojekt auf den Weg gebracht"},"content":{"rendered":"<p>[vc_row][vc_column][vc_column_text]<\/p>\n<h2>Sozialprojekt f\u00fcr Kinder in Namibia<\/h2>\n<p>Gottfried Brenner plant Sozialprojekt f\u00fcr Kinder in Namibia \u2013 Erstes Etappenziel erreicht \u201eDie ersten 10.000 Euro f\u00fcr die Renovierung des Kindergartens in Okahandja sind gesichert\u201c Gottfried Brenners Augen strahlen. Damit f\u00e4hrt der Weilheimer Gesch\u00e4ftsmann fort, ist ein Etappenziel f\u00fcr sein neues Sozialprojekt erreicht.<\/p>\n<p>Die Weilheimer Umweltorganisation \u201eB\u00e4ume f\u00fcr Menschen \u2013 Trees fort he World\u201c, deren Initiator Brenner ist, plant im namibischen Okahandja ein altes Farmhaus zu seinem Kindergarten umzubauen. \u201eKinder leben dort mit ihren Familien auf den M\u00fcllpl\u00e4tzen\u201c, schildert Brenner die Situation vor Ort.<\/p>\n<p>Ein Kleinbus soll sie k\u00fcnftig von dort abholen und zu Faith und Belinda in den Kindergarten bringen, wo sie ein Essen erhalten und betreut werden. Als \u201eBotschafter\u201c f\u00fcr das Projekt setzt David Halupe dem namibischen Dorf Ondangwa ein. Brenner holt den Bub vor vier Jahren zur medizinischen Behandlung in den Landkreis, nachdem er sich bei einem Brandunfall in seiner Strohh\u00fctte schwere Verletzungen zugezogen hatte.<\/p>\n<p>Nach mehreren Operationen im UKM (Berufsgenossenschaftliche Unfallklinik Murnau) und dank gro\u00dfz\u00fcger Spenden kann David die Arme und H\u00e4nde wieder bewegen und sogar die Schule besuchen. F\u00fcr den Kindergartenumbau berichtet Brenner, gab es einen Spendenaufruf um eine Wette bei der die ersten 10.000 Euro mit Teilspenden eingenommen wurden. Das Geld floss aber unter der Vorrausetzung, dass der ganze Betrag zusammenkommt. Ein Drittel 3.333 Euro, spendete ein Weilheimer K\u00fcnstler, ein weiteren Teil\u00a0ein Weilheimer Gesch\u00e4ftsmann, 1.000 Euro legt die Firma \u201eMinos Sicherheitstechnik\u201c aus Polling drauf, 1.400 Euro spendete die Firma Weingartner aus Pei\u00dfenberg, 900 Euro \u201eHIWO-MED\u201c Wolfgang Hirschvogel aus Uffing.<\/p>\n<p>Angelika Huber, Debeka Versicherung in Weilheim, vervollst\u00e4ndigte die Summe. Eine namibische Firma legte f\u00fcr jeden gespendeten Euro weitere zehn Namibia-Dollar drauf. Nun m\u00fcssen noch die laufenden Kosten gesichert werden. Neben Geldspenden kann auch \u00fcber eine Kinderpatenschaft geholfen werden.[\/vc_column_text][vc_column_text]<\/p>\n<div id=\"attachment_1191\" style=\"width: 310px\" class=\"wp-caption alignnone\"><a href=\"\/wp-content\/uploads\/2015\/02\/web18.jpg\"><img loading=\"lazy\" decoding=\"async\" aria-describedby=\"caption-attachment-1191\" class=\"size-medium wp-image-1191\" src=\"\/wp-content\/uploads\/2015\/02\/web18-300x185.jpg\" alt=\"Neues Sozialprojekt auf den Weg gebrach\" width=\"300\" height=\"185\" srcset=\"https:\/\/baeume.de\/wp-content\/uploads\/2015\/02\/web18-300x185.jpg 300w, https:\/\/baeume.de\/wp-content\/uploads\/2015\/02\/web18-100x62.jpg 100w, https:\/\/baeume.de\/wp-content\/uploads\/2015\/02\/web18.jpg 1000w\" sizes=\"auto, (max-width: 300px) 100vw, 300px\" \/><\/a><p id=\"caption-attachment-1191\" class=\"wp-caption-text\">Neues Sozialprojekt auf den Weg gebrach<\/p><\/div>\n<p>[\/vc_column_text][\/vc_column][\/vc_row]<\/p>\n","protected":false},"excerpt":{"rendered":"<p>[vc_row][vc_column][vc_column_text] Sozialprojekt f\u00fcr Kinder in Namibia Gottfried Brenner plant Sozialprojekt f\u00fcr Kinder in Namibia \u2013 Erstes Etappenziel erreicht \u201eDie ersten 10.000 Euro f\u00fcr die Renovierung des Kindergartens in Okahandja sind gesichert\u201c Gottfried Brenners Augen strahlen. Damit f\u00e4hrt der Weilheimer Gesch\u00e4ftsmann fort, ist ein Etappenziel f\u00fcr sein neues Sozialprojekt erreicht. Die Weilheimer Umweltorganisation \u201eB\u00e4ume f\u00fcr Menschen [&hellip;]<\/p>\n","protected":false},"author":2,"featured_media":0,"comment_status":"open","ping_status":"open","sticky":false,"template":"","format":"standard","meta":{"footnotes":""},"categories":[22],"tags":[],"class_list":["post-1190","post","type-post","status-publish","format-standard","hentry","category-pressespiegel-2011"],"_links":{"self":[{"href":"https:\/\/baeume.de\/de\/wp-json\/wp\/v2\/posts\/1190","targetHints":{"allow":["GET"]}}],"collection":[{"href":"https:\/\/baeume.de\/de\/wp-json\/wp\/v2\/posts"}],"about":[{"href":"https:\/\/baeume.de\/de\/wp-json\/wp\/v2\/types\/post"}],"author":[{"embeddable":true,"href":"https:\/\/baeume.de\/de\/wp-json\/wp\/v2\/users\/2"}],"replies":[{"embeddable":true,"href":"https:\/\/baeume.de\/de\/wp-json\/wp\/v2\/comments?post=1190"}],"version-history":[{"count":0,"href":"https:\/\/baeume.de\/de\/wp-json\/wp\/v2\/posts\/1190\/revisions"}],"wp:attachment":[{"href":"https:\/\/baeume.de\/de\/wp-json\/wp\/v2\/media?parent=1190"}],"wp:term":[{"taxonomy":"category","embeddable":true,"href":"https:\/\/baeume.de\/de\/wp-json\/wp\/v2\/categories?post=1190"},{"taxonomy":"post_tag","embeddable":true,"href":"https:\/\/baeume.de\/de\/wp-json\/wp\/v2\/tags?post=1190"}],"curies":[{"name":"wp","href":"https:\/\/api.w.org\/{rel}","templated":true}]}}