{"id":1202,"date":"2012-10-17T15:41:15","date_gmt":"2012-10-17T13:41:15","guid":{"rendered":"http:\/\/baeume.de\/?p=1202"},"modified":"2015-10-19T15:01:30","modified_gmt":"2015-10-19T13:01:30","slug":"neue-gewerbegebiete-kommen","status":"publish","type":"post","link":"https:\/\/baeume.de\/de\/blog\/neue-gewerbegebiete-kommen.html","title":{"rendered":"Neue Gewerbegebiete kommen"},"content":{"rendered":"<p>[vc_row][vc_column][vc_column_text]<\/p>\n<h2>Neue Gewerbegebiete sollen dazu kommen<\/h2>\n<p><strong>Standortf\u00f6rderverein w\u00e4hlte Vorstand \u2013 Advent soll mit St\u00e4nden belebt warden<\/strong><br \/>\nWeilheim \u2013 Der neue Vorstand des Vereins zur Standortf\u00f6rderung in Weilheim steht fest. In der Waldwirtschaft am G\u00f6gerl wurde gew\u00e4hlt. Dabei gab es keine gro\u00dfen \u00dcberraschungen. Die Vertreter der Kreditinstitute, der Industrie, des Handwerks, des Einzelhandels,des gro\u00dffl\u00e4chingen Einzelhandels, der Dienstleistungsbranche, und der sonstigen Betriebe w\u00e4hlten den Vorstand ihrer jeweiligen Gruppe z\u00fcgig per Akklamation.<\/p>\n<p>Zuvor pr\u00e4sentierte Gesch\u00e4ftsf\u00fchrer Stefan Frenzl aber den T\u00e4tigkeitsbericht und gab einen Ausblick auf das n\u00e4chste Jahr. Sechs neue Mitglieder konnten in diesem Jahr f\u00fcr den Standortf\u00f6rderverein gewonnen werden: Das Projekt \u201e B\u00e4ume f\u00fcr Menschen\u201c, die Soccerhalle Weilheim, das Autohaus Widmann + Winterholler, die Oberlanschulen, das Autohaus Medele und die Kreishandwerkerschaft Oberland. Nun sind es 103 Mitglieder.<\/p>\n<p>Auf den drei S\u00e4ulen \u201e Citymanagement\u201c, \u201e Stadtmarketing\u201c und \u201e Wirtschaftsf\u00f6rderung\u201c setzt sich der Verein daf\u00fcr ein, dass die Attraktivit\u00e4t und die wirtschaftliche Wettbewerbsf\u00e4higkeit von Weilheim erh\u00f6ht werden und die Identifikation der B\u00fcrgerinnen mit ihrer Stadt gest\u00e4rkt wird. Unter anderem wurde in diesem Jahr die Beschilderung im Paradeis in Angriff genommen.<\/p>\n<p>Das Ergebnis: eine \u00fcbersichtliche Tafel aller der ans\u00e4ssigen Firmen. Auch f\u00fcr das Gebiet \u201e Am Weidenbach\u201c m\u00f6chte Frenzl bald \u201e st\u00e4rkere Ordnung im Schilderwald\u201c erwirken. Die Stadtwerbung liege dem Verein besonders am Herzen. Das Logo \u201e Weilheim zieht an\u201c Hat sich inzwischen, gepr\u00e4gt vom einheitlichen Design, etabliert. Dies wird an den vielen erfolgreichen Aktionen, wie beispielweise den verkaufsoffenen Sonntagen oder der Einkaufsnacht, deutlich. Auch den Tagestourismus m\u00f6chte die Stadtf\u00f6rderung anlocken.<\/p>\n<p>Eine Werbetafel f\u00fcr Veranstaltungen steht bereits seit einiger Zeit am Kreisverkehr im Norden der Stadt, im S\u00fcden ist eine weitere geplant. Moniert wurden bei der Versammlung allerdings der minderwertige Lack und die schlechte Auslastung. \u201e Das Problem ist bekannt und bereits in Arbeit\u201c, beruhigte Frenzl.<\/p>\n<p>Potenzielle neue Gewerbegebiete waren den anwesenden Gesch\u00e4ftsleuten, ebenfalls ein Anliegen. B\u00fcrgermeister Markus Loth zeigte die M\u00f6glichkeiten auf. Im Gespr\u00e4ch sind momentan die Gebiete am Leprosenweg, die Fl\u00e4che n\u00f6rdlich der Deutenhausener Stra\u00dfe, das Deutenhausener Feld, Eichtweide und Achalaich. F\u00fcr letzteres Gebiet seien die Vorvertr\u00e4ge bereits unterzeichnet, verwies Loth auf den aktuellen Stand: \u201e Es w\u00e4re verf\u00fcgbar,\u201c<\/p>\n<p>Jedoch sei das Anbindungsgebot noch ein Problem. Dieses ist Teil des neu eingef\u00fchrten bayrischen Landesentwicklungsprogramm ( wir berichteten ) welches besagt, dass \u201e eine Stadt sich logisch weiterentwickeln\u201c muss, erkl\u00e4rte der B\u00fcrgermeister. Daher w\u00e4re ein Gewerbegebiet dort erst m\u00f6glich, wenn auch andere Gebiete so anwachsen, dass keine gro\u00dfe L\u00fccken auf der Landkarte entstehen. Das Problem ist allerdings, dass das angrenzende Gebiet \u00dcberschwemmungsfl\u00e4che der Ammer und eine Bebauung daher nicht einfach m\u00f6glich ist.<\/p>\n<p>Momentan wird versucht, eine Ausnahme des Anbindungsgebotes zu erwirken. \u201eGewerbegebiete sollen ausgewiesen werden, nur wo ist noch nicht ganz klar\u201c , fasste Loth die Situation zusammen. Die Standortf\u00f6rderung m\u00f6chte sich in diesem Zusammenhang an den Stadtrat wenden und Empfelungen anbringen. Beispielsweise will der verein anregen, dass ein sinnvoller Branchenmix in neuen Gebieten entsteht, die Fl\u00e4chenreserven auch f\u00fcr die n\u00e4chsten Jahre bereitgehalten, nicht gleich zugebaut und zu marktf\u00e4higen Preisen angeboten werden. Auch auf die Wichtigkeit eines Breitbandanbindung soll hingewiesen werden.<\/p>\n<p>Ein neues Projekt startet bereits im November: die \u201e Belebung der Adventszeit\u201c. Erg\u00e4nzend zum Weihnachtsmarkt sollen in der gesamten Adventszeit St\u00e4nde mit Gl\u00fchwein und Naschereien in der Schmiedstra\u00dfe aufgebaut werden und zwischen dem 24. November und 29. Dezember montags bis samstags von 11 bis 20.30 Uhr ge\u00f6ffnet sein.Auch einen Ausblick gab Frenzl: Die Einkaufsnacht, verkaufsoffene Sonntage,die Oberlandausstellung und andere Events bleiben. \u00dcberlegungen hinsichtlich eines neuen Hotels und eines Stammtisches \u201e Autostadt Weilheim\u201c stehen ebenfalls auf dem Plan.[\/vc_column_text][vc_column_text]<\/p>\n<div id=\"attachment_1203\" style=\"width: 242px\" class=\"wp-caption alignnone\"><a href=\"\/wp-content\/uploads\/2015\/02\/web22.jpg\"><img loading=\"lazy\" decoding=\"async\" aria-describedby=\"caption-attachment-1203\" class=\"size-medium wp-image-1203\" src=\"\/wp-content\/uploads\/2015\/02\/web22-232x300.jpg\" alt=\"Neue Gewerbegebiete kommen\" width=\"232\" height=\"300\" srcset=\"https:\/\/baeume.de\/wp-content\/uploads\/2015\/02\/web22-232x300.jpg 232w, https:\/\/baeume.de\/wp-content\/uploads\/2015\/02\/web22-100x130.jpg 100w, https:\/\/baeume.de\/wp-content\/uploads\/2015\/02\/web22.jpg 772w\" sizes=\"auto, (max-width: 232px) 100vw, 232px\" \/><\/a><p id=\"caption-attachment-1203\" class=\"wp-caption-text\">Neue Gewerbegebiete kommen<\/p><\/div>\n<p>[\/vc_column_text][\/vc_column][\/vc_row]<\/p>\n","protected":false},"excerpt":{"rendered":"<p>[vc_row][vc_column][vc_column_text] Neue Gewerbegebiete sollen dazu kommen Standortf\u00f6rderverein w\u00e4hlte Vorstand \u2013 Advent soll mit St\u00e4nden belebt warden Weilheim \u2013 Der neue Vorstand des Vereins zur Standortf\u00f6rderung in Weilheim steht fest. In der Waldwirtschaft am G\u00f6gerl wurde gew\u00e4hlt. Dabei gab es keine gro\u00dfen \u00dcberraschungen. Die Vertreter der Kreditinstitute, der Industrie, des Handwerks, des Einzelhandels,des gro\u00dffl\u00e4chingen Einzelhandels, der [&hellip;]<\/p>\n","protected":false},"author":2,"featured_media":0,"comment_status":"open","ping_status":"open","sticky":false,"template":"","format":"standard","meta":{"footnotes":""},"categories":[23],"tags":[],"class_list":["post-1202","post","type-post","status-publish","format-standard","hentry","category-pressespiegel-2012"],"_links":{"self":[{"href":"https:\/\/baeume.de\/de\/wp-json\/wp\/v2\/posts\/1202","targetHints":{"allow":["GET"]}}],"collection":[{"href":"https:\/\/baeume.de\/de\/wp-json\/wp\/v2\/posts"}],"about":[{"href":"https:\/\/baeume.de\/de\/wp-json\/wp\/v2\/types\/post"}],"author":[{"embeddable":true,"href":"https:\/\/baeume.de\/de\/wp-json\/wp\/v2\/users\/2"}],"replies":[{"embeddable":true,"href":"https:\/\/baeume.de\/de\/wp-json\/wp\/v2\/comments?post=1202"}],"version-history":[{"count":0,"href":"https:\/\/baeume.de\/de\/wp-json\/wp\/v2\/posts\/1202\/revisions"}],"wp:attachment":[{"href":"https:\/\/baeume.de\/de\/wp-json\/wp\/v2\/media?parent=1202"}],"wp:term":[{"taxonomy":"category","embeddable":true,"href":"https:\/\/baeume.de\/de\/wp-json\/wp\/v2\/categories?post=1202"},{"taxonomy":"post_tag","embeddable":true,"href":"https:\/\/baeume.de\/de\/wp-json\/wp\/v2\/tags?post=1202"}],"curies":[{"name":"wp","href":"https:\/\/api.w.org\/{rel}","templated":true}]}}