{"id":1222,"date":"2012-12-20T16:21:10","date_gmt":"2012-12-20T14:21:10","guid":{"rendered":"http:\/\/baeume.de\/?p=1222"},"modified":"2015-10-19T14:23:16","modified_gmt":"2015-10-19T12:23:16","slug":"von-der-muellkippe-in-den-kindergarten","status":"publish","type":"post","link":"https:\/\/baeume.de\/de\/blog\/von-der-muellkippe-in-den-kindergarten.html","title":{"rendered":"Von der M\u00fcllkippe in den Kindergarten in Namibia"},"content":{"rendered":"<p>[vc_row][vc_column][vc_column_text]<\/p>\n<h2>Sozialprojekt Kindergarten in Namibia<\/h2>\n<p>Neben der Baumschule hat Gottfried Brenner von \u201eB\u00e4ume f\u00fcr Menschen \u2013 Trees for the World\u201c im Namibia ein Sozialprojekt auf die Beine gestellt.<\/p>\n<p>Es hat zwar keine Farm in Afrika, aber der Weilheimer Gottfried Brenner hat zwei Hilfsprojekte in Namibia: eine Baumschule in Ondangwa im Norden des Landes und einen Kindergarten 755 Kilometer weiter s\u00fcdlich nahe der Hauptstadt Windhoek. Beides l\u00e4uft unter dem Namen \u201eB\u00e4ume f\u00fcr Menschen \u2013 Trees for the World\u201c, der 1996 in Weilheim gegr\u00fcndeten Organisation, die 2008 vor allem durch die Aktion \u201eHilfe f\u00fcr David\u201c bekannt wurde.<\/p>\n<p>David, der schwere Verbrennungen erlitten hatte und in Murnau operiert wurde geht es laut Brenner sehr gut. Inzwischen arbeitet der 20-J\u00e4hrige in der Baumschule mit und helfe seiner Oma, deren Hof er \u00fcbernehmen werde. \u201eWeil er Land hat, ist er jemand\u201c, so Brenner.<\/p>\n<p>\u00dcber knapp f\u00fcnf Hektar Land verf\u00fcgt die Baumschule von \u201eB\u00e4ume f\u00fcr Menschen \u2013 Trees for the World\u201c in der N\u00e4he von Ondangwa im Norden des Landes, im so genannten Ovamboland. Brenner sieht die Baumschule als Umweltprojekt, denn die Aufforstung gro\u00dfer abgeholzter Fl\u00e4che gewinne f\u00fcr den Staat Namibia mehr und mehr an Bedeutung.<\/p>\n<p>Neben Privatleuten z\u00e4hle auch der staatliche Forst zu den Kunden. Die 1999 gegr\u00fcndete Aufzuchtstation bietet sieben Leuten eine feste Arbeit und bei Bedarf weiteren 10 bis 15 Zeitarbeitern. \u201eWenn zum Beispiel Pflanzen umgetopft werden m\u00fcssen\u201c, sagt Brenner. Laut ihm erh\u00e4lt die Besch\u00e4ftigten der Baumschule ein Monatslohn von 900 bis 1300 namibischen Dollar, was rund 130 Euro entspricht.<\/p>\n<p>Eine Supermarktkassiererin kommt seinen Worten nach auf 650 namibische Dollar. Neben der Baumschule baut \u201eB\u00e4ume f\u00fcr Menschen \u2013 Trees for the World\u201c derzeit ein Sozialprojekt auf: einen Kindergarten im 70 Kilometer von Windhoek entfernten Okahandja, wo Brenner die Not der auf M\u00fcllhalden lebenden Menschen zu Herzen ging.<\/p>\n<p>Die notd\u00fcrftigen Unterk\u00fcnfte, der Gestank, die zerlumpten Kinder, das war zu viel f\u00fcr ihn. Er kaufte ein Grundst\u00fcck, auf dem ein altes renovierungsbed\u00fcrftiges Farmhaus stand richtete einen Kindergarten ein. Seit Ende M\u00e4rz 2012 besuchten ihn zw\u00f6lf Kinder, die mit einem Bus von der M\u00fcllkippe geholt werden, 20 sollen es bald sein.<\/p>\n<p>Das alles kostet viel Geld. Mindestens 40 000 Euro braucht die Hilfsorganisation im Jahr, um ihre Einrichtung am Laufen zu halten, so Mathias Bleschke, der die Finanzen vom Weilheimer B\u00fcro aus verwaltet. 60.000 Euro umfasst der Haushalt 2012 doch die Finanzierung wird immer schwieriger. Zumal \u201eeinige Gro\u00dfspender weggebrochen sind\u201c, wie Brenner sagt. So h\u00e4tten einige fr\u00fchere Spendable Firmen eigene Hilfsprojekte aufgebaut.<\/p>\n<p>Brenner baut auf \u00f6ffentlichen Mitteln, etwa aus dem f\u00fcr Entwicklungshilfe zust\u00e4ndige Ministerium, vor allem aber auf privaten Spenden. Auf kleine wie aus Sammeldosen in Arztpraxen, wo man 18,70 Euro eingehen oder auf gro\u00dfe wie jede von Schlagers\u00e4nger Michael Holm, der den 5.000 Euro-Gewinn aus einer Quizshow \u00fcberwies.<\/p>\n<p>Weitere Vorhaben hat Brenner schon geplant. Vorausgesetzt, er bekommt das Geld zusammen, soll der Kindergarten eine Vorschule und die Baumschule eine Umweltschule erhalten.[\/vc_column_text][vc_column_text]<\/p>\n<div id=\"attachment_1223\" style=\"width: 310px\" class=\"wp-caption alignnone\"><a href=\"\/wp-content\/uploads\/2015\/02\/web26.jpg\"><img loading=\"lazy\" decoding=\"async\" aria-describedby=\"caption-attachment-1223\" class=\"size-medium wp-image-1223\" src=\"\/wp-content\/uploads\/2015\/02\/web26-300x210.jpg\" alt=\"Von der M\u00fcllkippe in den Kindergarten in Namibia\" width=\"300\" height=\"210\" srcset=\"https:\/\/baeume.de\/wp-content\/uploads\/2015\/02\/web26-300x210.jpg 300w, https:\/\/baeume.de\/wp-content\/uploads\/2015\/02\/web26-100x70.jpg 100w, https:\/\/baeume.de\/wp-content\/uploads\/2015\/02\/web26.jpg 1000w\" sizes=\"auto, (max-width: 300px) 100vw, 300px\" \/><\/a><p id=\"caption-attachment-1223\" class=\"wp-caption-text\">Von der M\u00fcllkippe in den Kindergarten in Namibia<\/p><\/div>\n<p>[\/vc_column_text][\/vc_column][\/vc_row]<\/p>\n","protected":false},"excerpt":{"rendered":"<p>[vc_row][vc_column][vc_column_text] Sozialprojekt Kindergarten in Namibia Neben der Baumschule hat Gottfried Brenner von \u201eB\u00e4ume f\u00fcr Menschen \u2013 Trees for the World\u201c im Namibia ein Sozialprojekt auf die Beine gestellt. Es hat zwar keine Farm in Afrika, aber der Weilheimer Gottfried Brenner hat zwei Hilfsprojekte in Namibia: eine Baumschule in Ondangwa im Norden des Landes und einen [&hellip;]<\/p>\n","protected":false},"author":2,"featured_media":0,"comment_status":"open","ping_status":"open","sticky":false,"template":"","format":"standard","meta":{"footnotes":""},"categories":[23],"tags":[],"class_list":["post-1222","post","type-post","status-publish","format-standard","hentry","category-pressespiegel-2012"],"_links":{"self":[{"href":"https:\/\/baeume.de\/de\/wp-json\/wp\/v2\/posts\/1222","targetHints":{"allow":["GET"]}}],"collection":[{"href":"https:\/\/baeume.de\/de\/wp-json\/wp\/v2\/posts"}],"about":[{"href":"https:\/\/baeume.de\/de\/wp-json\/wp\/v2\/types\/post"}],"author":[{"embeddable":true,"href":"https:\/\/baeume.de\/de\/wp-json\/wp\/v2\/users\/2"}],"replies":[{"embeddable":true,"href":"https:\/\/baeume.de\/de\/wp-json\/wp\/v2\/comments?post=1222"}],"version-history":[{"count":0,"href":"https:\/\/baeume.de\/de\/wp-json\/wp\/v2\/posts\/1222\/revisions"}],"wp:attachment":[{"href":"https:\/\/baeume.de\/de\/wp-json\/wp\/v2\/media?parent=1222"}],"wp:term":[{"taxonomy":"category","embeddable":true,"href":"https:\/\/baeume.de\/de\/wp-json\/wp\/v2\/categories?post=1222"},{"taxonomy":"post_tag","embeddable":true,"href":"https:\/\/baeume.de\/de\/wp-json\/wp\/v2\/tags?post=1222"}],"curies":[{"name":"wp","href":"https:\/\/api.w.org\/{rel}","templated":true}]}}