{"id":1238,"date":"2013-04-02T17:08:55","date_gmt":"2013-04-02T15:08:55","guid":{"rendered":"http:\/\/baeume.de\/?p=1238"},"modified":"2015-10-19T11:52:30","modified_gmt":"2015-10-19T09:52:30","slug":"2012-ein-aufregendes-jahr-im-bad","status":"publish","type":"post","link":"https:\/\/baeume.de\/de\/blog\/2012-ein-aufregendes-jahr-im-bad.html","title":{"rendered":"2012 : ein aufregendes Jahr im Bad"},"content":{"rendered":"<p>[vc_row][vc_column][vc_column_text]Wir feierten 30 Jahre Rigi Rutsch` n \u2013 und es gab viele Ver\u00e4nderungen, die unser Bad auf den neuesten Stand brachten. Wir k\u00f6nnen hier nur ein paar Beispiele nennen. Fr\u00fchjahr 2012 : der Beckenkopf am Schwimmerbecken bricht weg ,doch der Fliesenzauberer Oliver Baudrexel geht es an. Viele Helfer unterst\u00fctzten ihn<\/p>\n<p><strong>Juli :<\/strong> offizelle Feier mit Frau Vanni, Herrn Horn und dem Gemeinderat. Ein Highlight war nat\u00fcrlich der Sprung des ehem. zweiten B\u00fcrgermeisters Hans H\u00e4nel vom 5m-Turm, so wie er ihn schon vor 30 Jahre vollbracht hatte.<\/p>\n<p>Den ganzen Nachmittag gestaltete der F\u00f6rderverein der Freunde der Rigi Rutsch\u2018 n mit gro\u00dfem Erfolg, hierzu vom ganzen Rigi \u2013 Team ein herzliches Dankesch\u00f6n.\u00a0 Dann das <strong>Sommerfest am 14. August<\/strong>.Ein Fest der Superlative : tags\u00fcber 2000 G\u00e4ste und bis tief in die Nacht noch einmal 1000.<\/p>\n<p>Radio Oberland und DJ Tomix begeisterten das Publikum ebenso wie die Spiele oder Tanzeinlagen der Jugend vom Tanzstudio Lisa Huckenbeck. Dazu Sambatrommler von Pura Vida und am Abend dann die Trommler von SoWo-Sammer. Es wurde gefeiert und getanzt \u2013 die ganze Nacht bis um 3:00 Uhr.<\/p>\n<p>Nach Saisonende hie\u00df es gleich wieder durchstarten mit der Dachterassensanierung vom Bistro. Die Firma Ressler hat sich hier viel vorgenommen. Eigentlich sollte das Jahr dann ruhig ausklingen, doch das Kassensystem streikte. Im Dezember mussten wir also ein neues installieren und das Personal einweisen.<\/p>\n<p>\u00dcber alles was im Bad liegenbleibt, freuen sich Menschen in Okahandja \/ Namibia, wo mit Hilfe der Weilheimer Organisation &#8222;Trees for the World&#8220; grade ein Kindergarten er\u00f6ffnet wurde.<\/p>\n<p>Das Team der Rigi Rutsch`n , allen voran Schwimmmeister und Verwaltung, bedanken sich f\u00fcr ein tolles Jahr 2012 bei allen G\u00e4sten, Urlaunern und Wohlgesonnen und ganz besonders beim F\u00f6rderverein f\u00fcr seine unerm\u00fcdliche Arbeit und zahllosen Eins\u00e4tze. Allen ein gesegnetes 2013. Wir freuen uns auf eine neue tolle Saison ! Ihr Rigi Team<\/p>\n<p>[\/vc_column_text][\/vc_column][\/vc_row][vc_row][vc_column][vc_column_text]<\/p>\n<div id=\"attachment_1206\" style=\"width: 310px\" class=\"wp-caption alignnone\"><a href=\"\/wp-content\/uploads\/2015\/02\/web23.jpg\"><img loading=\"lazy\" decoding=\"async\" aria-describedby=\"caption-attachment-1206\" class=\"size-medium wp-image-1206\" src=\"\/wp-content\/uploads\/2015\/02\/web23-300x135.jpg\" alt=\"Ein aufregendes Jahr im Bad\" width=\"300\" height=\"135\" srcset=\"https:\/\/baeume.de\/wp-content\/uploads\/2015\/02\/web23-300x135.jpg 300w, https:\/\/baeume.de\/wp-content\/uploads\/2015\/02\/web23-100x45.jpg 100w, https:\/\/baeume.de\/wp-content\/uploads\/2015\/02\/web23.jpg 1000w\" sizes=\"auto, (max-width: 300px) 100vw, 300px\" \/><\/a><p id=\"caption-attachment-1206\" class=\"wp-caption-text\">Ein aufregendes Jahr im Bad<\/p><\/div>\n<p>[\/vc_column_text][\/vc_column][\/vc_row]<\/p>\n","protected":false},"excerpt":{"rendered":"<p>[vc_row][vc_column][vc_column_text]Wir feierten 30 Jahre Rigi Rutsch` n \u2013 und es gab viele Ver\u00e4nderungen, die unser Bad auf den neuesten Stand brachten. Wir k\u00f6nnen hier nur ein paar Beispiele nennen. Fr\u00fchjahr 2012 : der Beckenkopf am Schwimmerbecken bricht weg ,doch der Fliesenzauberer Oliver Baudrexel geht es an. Viele Helfer unterst\u00fctzten ihn Juli : offizelle Feier mit [&hellip;]<\/p>\n","protected":false},"author":2,"featured_media":0,"comment_status":"open","ping_status":"open","sticky":false,"template":"","format":"standard","meta":{"footnotes":""},"categories":[24],"tags":[],"class_list":["post-1238","post","type-post","status-publish","format-standard","hentry","category-pressespiegel-2013"],"_links":{"self":[{"href":"https:\/\/baeume.de\/de\/wp-json\/wp\/v2\/posts\/1238","targetHints":{"allow":["GET"]}}],"collection":[{"href":"https:\/\/baeume.de\/de\/wp-json\/wp\/v2\/posts"}],"about":[{"href":"https:\/\/baeume.de\/de\/wp-json\/wp\/v2\/types\/post"}],"author":[{"embeddable":true,"href":"https:\/\/baeume.de\/de\/wp-json\/wp\/v2\/users\/2"}],"replies":[{"embeddable":true,"href":"https:\/\/baeume.de\/de\/wp-json\/wp\/v2\/comments?post=1238"}],"version-history":[{"count":0,"href":"https:\/\/baeume.de\/de\/wp-json\/wp\/v2\/posts\/1238\/revisions"}],"wp:attachment":[{"href":"https:\/\/baeume.de\/de\/wp-json\/wp\/v2\/media?parent=1238"}],"wp:term":[{"taxonomy":"category","embeddable":true,"href":"https:\/\/baeume.de\/de\/wp-json\/wp\/v2\/categories?post=1238"},{"taxonomy":"post_tag","embeddable":true,"href":"https:\/\/baeume.de\/de\/wp-json\/wp\/v2\/tags?post=1238"}],"curies":[{"name":"wp","href":"https:\/\/api.w.org\/{rel}","templated":true}]}}