{"id":132,"date":"2000-09-01T09:34:30","date_gmt":"2000-09-01T07:34:30","guid":{"rendered":"http:\/\/baum-patenschaft.de\/?p=132"},"modified":"2015-01-28T15:23:17","modified_gmt":"2015-01-28T13:23:17","slug":"minister-miller-uebernimmt-schirmherrschaft","status":"publish","type":"post","link":"https:\/\/baeume.de\/de\/blog\/minister-miller-uebernimmt-schirmherrschaft.html","title":{"rendered":"Minister Miller \u00fcbernimmt Schirmherrschaft"},"content":{"rendered":"<p>[vc_row][vc_column][vc_column_text]<strong>Landwirtschaftsminister unterst\u00fctzt Umweltorganisation &#8222;B\u00e4ume f\u00fcr Menschen&#8220;<\/strong><\/p>\n<p>Weilheim &#8211; Mit Josef Miller hat die Weilheimer Umweltorganisation &#8222;B\u00e4ume f\u00fcr Menschen &#8211; Trees for the World&#8220; einen Paten gefunden, der sich mit Forstwirtschaft auskennt. Miller \u00fcbernimmt die Schirmherrschaft f\u00fcr das Baumpatenschaft-Projekt. Mit dieser Ma\u00dfnahme soll neben der bestehenden Baumschule ein weiterer Waldlehrpfad in Namaibia entstehen.<\/p>\n<p><strong>Weilheimer Umweltorganisation hat hochrangigen Schirmherren gefunden<\/strong><\/p>\n<p>Das Baumpatenschaftsprojekt von \u201eB\u00e4ume f\u00fcr Menschen \u2013Trees for the world\u201c hat in Landwirtschaftsminister Josef Miller einen Schirmherr gefunden f\u00fcr den \u201edie Erhaltung der W\u00e4lder schon von Amts wegen h\u00f6chste Priorit\u00e4t hat\u201c, so die Weilheimer Umweltorganisation. Miller \u00fcbernimmt dieses Amt an sofort. Ein weiterer Fortschritt f\u00fcr die Baumschule in Ondangwa in Namibia, die von \u201eB\u00e4umen f\u00fcr Menschen\u201c und einer vor Ort unabh\u00e4ngigen Gemeinschaft bereits reibungslos gelaufen ist. Die Idee der Baumpatenschaften sieht vor, dass Menschen, die sich f\u00fcr den Erhalt der Natur einsetzen wollen, mit 50 Mark die Patenschaft f\u00fcr einen Baum \u00fcbernehmen. Auch Minister Miller hat sich bereits zwei R\u00e4ume reservieren lassen. Zurzeit wird in der Mutterbaumschule in Ondangwa ein Waldlehrpfad errichtet, in dem die Einheimische Lebensnotweniges \u00fcber Pflanzen und Erhalt von B\u00e4umen lernen k\u00f6nnen. Diese \u201egr\u00fcne Insel\u201c in der afrikanischen Stadt wird auch als Treffpunkt f\u00fcr Veranstaltungen genutzt.[\/vc_column_text][vc_single_image image=&#8220;823&#8243; alignment=&#8220;center&#8220; border_color=&#8220;grey&#8220; img_link_large=&#8220;yes&#8220; img_link_target=&#8220;_self&#8220; css_animation=&#8220;appear&#8220; img_size=&#8220;medium&#8220;][\/vc_column][\/vc_row]<\/p>\n","protected":false},"excerpt":{"rendered":"<p>[vc_row][vc_column][vc_column_text]Landwirtschaftsminister unterst\u00fctzt Umweltorganisation &#8222;B\u00e4ume f\u00fcr Menschen&#8220; Weilheim &#8211; Mit Josef Miller hat die Weilheimer Umweltorganisation &#8222;B\u00e4ume f\u00fcr Menschen &#8211; Trees for the World&#8220; einen Paten gefunden, der sich mit Forstwirtschaft auskennt. Miller \u00fcbernimmt die Schirmherrschaft f\u00fcr das Baumpatenschaft-Projekt. Mit dieser Ma\u00dfnahme soll neben der bestehenden Baumschule ein weiterer Waldlehrpfad in Namaibia entstehen. Weilheimer Umweltorganisation hat [&hellip;]<\/p>\n","protected":false},"author":2,"featured_media":0,"comment_status":"closed","ping_status":"closed","sticky":false,"template":"","format":"standard","meta":{"footnotes":""},"categories":[13],"tags":[],"class_list":["post-132","post","type-post","status-publish","format-standard","hentry","category-pressespiegel-2000"],"_links":{"self":[{"href":"https:\/\/baeume.de\/de\/wp-json\/wp\/v2\/posts\/132","targetHints":{"allow":["GET"]}}],"collection":[{"href":"https:\/\/baeume.de\/de\/wp-json\/wp\/v2\/posts"}],"about":[{"href":"https:\/\/baeume.de\/de\/wp-json\/wp\/v2\/types\/post"}],"author":[{"embeddable":true,"href":"https:\/\/baeume.de\/de\/wp-json\/wp\/v2\/users\/2"}],"replies":[{"embeddable":true,"href":"https:\/\/baeume.de\/de\/wp-json\/wp\/v2\/comments?post=132"}],"version-history":[{"count":0,"href":"https:\/\/baeume.de\/de\/wp-json\/wp\/v2\/posts\/132\/revisions"}],"wp:attachment":[{"href":"https:\/\/baeume.de\/de\/wp-json\/wp\/v2\/media?parent=132"}],"wp:term":[{"taxonomy":"category","embeddable":true,"href":"https:\/\/baeume.de\/de\/wp-json\/wp\/v2\/categories?post=132"},{"taxonomy":"post_tag","embeddable":true,"href":"https:\/\/baeume.de\/de\/wp-json\/wp\/v2\/tags?post=132"}],"curies":[{"name":"wp","href":"https:\/\/api.w.org\/{rel}","templated":true}]}}