{"id":138,"date":"2000-09-08T09:36:21","date_gmt":"2000-09-08T09:36:21","guid":{"rendered":"http:\/\/baum-patenschaft.de\/?p=138"},"modified":"2000-09-08T09:36:21","modified_gmt":"2000-09-08T09:36:21","slug":"agenda-21-beginnt-zu-hause","status":"publish","type":"post","link":"https:\/\/baeume.de\/de\/blog\/agenda-21-beginnt-zu-hause.html","title":{"rendered":"Agenda 21 beginnt zu Hause"},"content":{"rendered":"<p><strong>Ausstellung in der Landwirtschaftsschule: Impulse zum Schutz der Ressourcen<\/strong><\/p>\n<p>Weilheim &#8211; Die Agenda 21 kann ihrer Aufgabe nur dann gerecht werden, wenn sich der Gedanke des nachhaltigen und ressourcenschondenden Wirtschaftens bis in die Familie, in den Privathaushalt durchsetzt. Das Amt f\u00fcr Landwirtschaft und Ern\u00e4hrung in Weilheim sowie die Aktiven der Agendagruppen vor Ort wollen eine sichtbares Zeichen setzen und die Verbraucher in einer Ausstellung mit konkreten Beispielen an die Thematik heranf\u00fchren. Die Ausstellung wird von 28. September bis einschlie\u00dflich 1. Oktober in den R\u00e4umen der Landwirtschaftsschule Weilheim gezeigt.<\/p>\n","protected":false},"excerpt":{"rendered":"<p>Ausstellung in der Landwirtschaftsschule: Impulse zum Schutz der Ressourcen Weilheim &#8211; Die Agenda 21 kann ihrer Aufgabe nur dann gerecht werden, wenn sich der Gedanke des nachhaltigen und ressourcenschondenden Wirtschaftens bis in die Familie, in den Privathaushalt durchsetzt. Das Amt f\u00fcr Landwirtschaft und Ern\u00e4hrung in Weilheim sowie die Aktiven der Agendagruppen vor Ort wollen eine [&hellip;]<\/p>\n","protected":false},"author":2,"featured_media":0,"comment_status":"closed","ping_status":"closed","sticky":false,"template":"","format":"standard","meta":{"footnotes":""},"categories":[13],"tags":[],"class_list":["post-138","post","type-post","status-publish","format-standard","hentry","category-pressespiegel-2000"],"_links":{"self":[{"href":"https:\/\/baeume.de\/de\/wp-json\/wp\/v2\/posts\/138","targetHints":{"allow":["GET"]}}],"collection":[{"href":"https:\/\/baeume.de\/de\/wp-json\/wp\/v2\/posts"}],"about":[{"href":"https:\/\/baeume.de\/de\/wp-json\/wp\/v2\/types\/post"}],"author":[{"embeddable":true,"href":"https:\/\/baeume.de\/de\/wp-json\/wp\/v2\/users\/2"}],"replies":[{"embeddable":true,"href":"https:\/\/baeume.de\/de\/wp-json\/wp\/v2\/comments?post=138"}],"version-history":[{"count":0,"href":"https:\/\/baeume.de\/de\/wp-json\/wp\/v2\/posts\/138\/revisions"}],"wp:attachment":[{"href":"https:\/\/baeume.de\/de\/wp-json\/wp\/v2\/media?parent=138"}],"wp:term":[{"taxonomy":"category","embeddable":true,"href":"https:\/\/baeume.de\/de\/wp-json\/wp\/v2\/categories?post=138"},{"taxonomy":"post_tag","embeddable":true,"href":"https:\/\/baeume.de\/de\/wp-json\/wp\/v2\/tags?post=138"}],"curies":[{"name":"wp","href":"https:\/\/api.w.org\/{rel}","templated":true}]}}