{"id":144,"date":"2000-10-13T09:38:12","date_gmt":"2000-10-13T09:38:12","guid":{"rendered":"http:\/\/baum-patenschaft.de\/?p=144"},"modified":"2015-01-28T18:11:36","modified_gmt":"2015-01-28T16:11:36","slug":"da-staunt-der-koenig","status":"publish","type":"post","link":"https:\/\/baeume.de\/de\/blog\/da-staunt-der-koenig.html","title":{"rendered":"Da staunt der K\u00f6nig"},"content":{"rendered":"<p>[vc_row][vc_column][vc_column_text]<strong>&#8222;LogoWald&#8220; beeindruckt Letsi III. von Lesotho<\/strong><\/p>\n<p>Hannover\/Weilheim &#8211; Letsi III., K\u00f6nig von Lesotho, geriet ins Staunen, als ihm beim Besuch der Weltausstellung in Hannover das Projekt &#8222;B\u00e4ume f\u00fcr Menschen &#8211; Trees for the World&#8220; vorgestellt wurde.Der Weilheimer Gottfried Brenner, Initiator und Vorsitzender dieser internationalen\u00a0Wiederaufforstungsaktion:, erkl\u00e4rte dem \u00fcberraschten K\u00f6nig das patentierte Konzept.,,LogoWald&#8220; verbindet die Wiederaufforstung von Kahlfl\u00e4chen mit einem\u00a0werbewirksamen Sponsoring.<\/p>\n<p>Durch das Aussparen von Fl\u00e4chen sollen Logos entstehen, die laut Brenner sogar vom Weltraum aus zu sehen sein werden. Das Projekt, so dessen Weilheimer Initiator, orientiere\u00a0sich an den sozialen, \u00f6konomischen und \u00f6kologischen Zielen der Agenda 21.\u00a0Das ,,LogoWald&#8220;-Modell, das auf dem Expo-Stand des K\u00f6nigreiches Lesotho im Afrika-Haus t\u00e4glich von Tausenden besucht wurde, haben Designstudenten aus M\u00fcnchen\u00a0angefertigt.<\/p>\n<p>[\/vc_column_text][vc_single_image image=&#8220;908&#8243; alignment=&#8220;center&#8220; border_color=&#8220;grey&#8220; img_link_large=&#8220;yes&#8220; img_link_target=&#8220;_self&#8220; css_animation=&#8220;appear&#8220; img_size=&#8220;medium&#8220;][\/vc_column][\/vc_row]<\/p>\n","protected":false},"excerpt":{"rendered":"<p>[vc_row][vc_column][vc_column_text]&#8222;LogoWald&#8220; beeindruckt Letsi III. von Lesotho Hannover\/Weilheim &#8211; Letsi III., K\u00f6nig von Lesotho, geriet ins Staunen, als ihm beim Besuch der Weltausstellung in Hannover das Projekt &#8222;B\u00e4ume f\u00fcr Menschen &#8211; Trees for the World&#8220; vorgestellt wurde.Der Weilheimer Gottfried Brenner, Initiator und Vorsitzender dieser internationalen\u00a0Wiederaufforstungsaktion:, erkl\u00e4rte dem \u00fcberraschten K\u00f6nig das patentierte Konzept.,,LogoWald&#8220; verbindet die Wiederaufforstung von [&hellip;]<\/p>\n","protected":false},"author":2,"featured_media":0,"comment_status":"closed","ping_status":"closed","sticky":false,"template":"","format":"standard","meta":{"footnotes":""},"categories":[13],"tags":[],"class_list":["post-144","post","type-post","status-publish","format-standard","hentry","category-pressespiegel-2000"],"_links":{"self":[{"href":"https:\/\/baeume.de\/de\/wp-json\/wp\/v2\/posts\/144","targetHints":{"allow":["GET"]}}],"collection":[{"href":"https:\/\/baeume.de\/de\/wp-json\/wp\/v2\/posts"}],"about":[{"href":"https:\/\/baeume.de\/de\/wp-json\/wp\/v2\/types\/post"}],"author":[{"embeddable":true,"href":"https:\/\/baeume.de\/de\/wp-json\/wp\/v2\/users\/2"}],"replies":[{"embeddable":true,"href":"https:\/\/baeume.de\/de\/wp-json\/wp\/v2\/comments?post=144"}],"version-history":[{"count":0,"href":"https:\/\/baeume.de\/de\/wp-json\/wp\/v2\/posts\/144\/revisions"}],"wp:attachment":[{"href":"https:\/\/baeume.de\/de\/wp-json\/wp\/v2\/media?parent=144"}],"wp:term":[{"taxonomy":"category","embeddable":true,"href":"https:\/\/baeume.de\/de\/wp-json\/wp\/v2\/categories?post=144"},{"taxonomy":"post_tag","embeddable":true,"href":"https:\/\/baeume.de\/de\/wp-json\/wp\/v2\/tags?post=144"}],"curies":[{"name":"wp","href":"https:\/\/api.w.org\/{rel}","templated":true}]}}