{"id":159,"date":"2001-03-28T09:43:28","date_gmt":"2001-03-28T09:43:28","guid":{"rendered":"http:\/\/baum-patenschaft.de\/?p=159"},"modified":"2015-01-28T17:12:35","modified_gmt":"2015-01-28T15:12:35","slug":"kinder-sehen-wieder-gruen","status":"publish","type":"post","link":"https:\/\/baeume.de\/de\/blog\/kinder-sehen-wieder-gruen.html","title":{"rendered":"Kinder sehen wieder gr\u00fcn"},"content":{"rendered":"<p>[vc_row][vc_column][vc_column_text]<\/p>\n<p style=\"text-align: left\"><strong>Stiftung l\u00e4sst &#8222;B\u00e4ume f\u00fcr Menschen&#8220; pflanzen<\/strong><\/p>\n<p>Weilheim\/Oshakati-Namibia &#8211; Die Kinder aus dem s\u00fcdwestafrikanischen Oshakati werden in ihrer entwaldeten Region bald wieder \u00fcppigen gr\u00fcnen Wald sprie\u00dfen sehen. Wie das Umweltprojekt &#8222;B\u00e4ume f\u00fcr Menschen &#8211; Trees for the World&#8220;, das seinen Sitz in Weilheim hat, meldet, wurde die Aufforstung des Stihl-Stiftungs-Waldes mit Hilfe einheimischer Arbeitskr\u00e4fte noch vor dem Ende der Regenzeit erfolgreich beendet.<\/p>\n<p>Projekt- Initiator Gottfried Brenner hat das f\u00fcnf Hektar gro\u00dfe Gel\u00e4nde zusammen mit der deutschen Stihl-Stiftung zum Aufforsten ausgew\u00e4hlt nachdem es die Forstverwaltung zur Verf\u00fcgung gestellt hatte.\u00a0Mit Unterst\u00fctzung einheimischer Helfer pflanzten die F\u00f6rster des Projektes \u00fcber 2 000 heimische Geh\u00f6lze. Der Stiftungswald liegt rund 40 Kilometer nordwestlich von\u00a0Ondangwa, wo sich die Mutterbaumschule befindet, (wir berichteten).Das Areal war bereits zur gro\u00dffl\u00e4chigen Aufforstung vorgesehen, als der namibische Pr\u00e4sident Sam Nojoma im Jahr 1996 die ersten B\u00e4umchen pflanzte.\u00a0Die Stiftung hat nun die Realisierung des Vorhabens erm\u00f6glicht. Gepflegt\u00a0werden die Fl\u00e4chen von einheimischen Arbeitskr\u00e4ften.<\/p>\n<p>[\/vc_column_text][vc_single_image image=&#8220;879&#8243; alignment=&#8220;center&#8220; border_color=&#8220;grey&#8220; img_link_large=&#8220;yes&#8220; img_link_target=&#8220;_self&#8220; css_animation=&#8220;appear&#8220; img_size=&#8220;medium&#8220;][\/vc_column][\/vc_row]<\/p>\n","protected":false},"excerpt":{"rendered":"<p>[vc_row][vc_column][vc_column_text] Stiftung l\u00e4sst &#8222;B\u00e4ume f\u00fcr Menschen&#8220; pflanzen Weilheim\/Oshakati-Namibia &#8211; Die Kinder aus dem s\u00fcdwestafrikanischen Oshakati werden in ihrer entwaldeten Region bald wieder \u00fcppigen gr\u00fcnen Wald sprie\u00dfen sehen. Wie das Umweltprojekt &#8222;B\u00e4ume f\u00fcr Menschen &#8211; Trees for the World&#8220;, das seinen Sitz in Weilheim hat, meldet, wurde die Aufforstung des Stihl-Stiftungs-Waldes mit Hilfe einheimischer Arbeitskr\u00e4fte noch [&hellip;]<\/p>\n","protected":false},"author":2,"featured_media":0,"comment_status":"closed","ping_status":"closed","sticky":false,"template":"","format":"standard","meta":{"footnotes":""},"categories":[14],"tags":[],"class_list":["post-159","post","type-post","status-publish","format-standard","hentry","category-pressespiegel-2001"],"_links":{"self":[{"href":"https:\/\/baeume.de\/de\/wp-json\/wp\/v2\/posts\/159","targetHints":{"allow":["GET"]}}],"collection":[{"href":"https:\/\/baeume.de\/de\/wp-json\/wp\/v2\/posts"}],"about":[{"href":"https:\/\/baeume.de\/de\/wp-json\/wp\/v2\/types\/post"}],"author":[{"embeddable":true,"href":"https:\/\/baeume.de\/de\/wp-json\/wp\/v2\/users\/2"}],"replies":[{"embeddable":true,"href":"https:\/\/baeume.de\/de\/wp-json\/wp\/v2\/comments?post=159"}],"version-history":[{"count":0,"href":"https:\/\/baeume.de\/de\/wp-json\/wp\/v2\/posts\/159\/revisions"}],"wp:attachment":[{"href":"https:\/\/baeume.de\/de\/wp-json\/wp\/v2\/media?parent=159"}],"wp:term":[{"taxonomy":"category","embeddable":true,"href":"https:\/\/baeume.de\/de\/wp-json\/wp\/v2\/categories?post=159"},{"taxonomy":"post_tag","embeddable":true,"href":"https:\/\/baeume.de\/de\/wp-json\/wp\/v2\/tags?post=159"}],"curies":[{"name":"wp","href":"https:\/\/api.w.org\/{rel}","templated":true}]}}