{"id":165,"date":"2001-09-26T09:45:05","date_gmt":"2001-09-26T09:45:05","guid":{"rendered":"http:\/\/baum-patenschaft.de\/?p=165"},"modified":"2015-01-28T17:34:57","modified_gmt":"2015-01-28T15:34:57","slug":"african-reggae-bei-der-oberland-ausstellung","status":"publish","type":"post","link":"https:\/\/baeume.de\/de\/blog\/african-reggae-bei-der-oberland-ausstellung.html","title":{"rendered":"African Reggae bei der Oberland-Ausstellung"},"content":{"rendered":"<p>[vc_row][vc_column][vc_column_text]Weilheim &#8211; Mit einem Konzert der African Reggae-Band &#8222;Alafia&#8220; startet die internationale Umweltorganisation &#8222;B\u00e4ume f\u00fcr Menschen &#8211; Trees for the World&#8220; in die diesj\u00e4hrige ORLA.<\/p>\n<p>Am Er\u00f6ffnungstag, Freitag, 28. Dezember, ab 12 Uhr, spielt die Top-Band um Kim Azas in Halle 8. &#8222;B\u00e4ume f\u00fcr Menschen &#8211; Trees for the World&#8220; stellt in diesem Jahr erstmals das Wiederaufforstungsprojekt vor, das in Namibia bereits eine Mutterbaumschule mit einem Netzwerk von lokalen Baumschulen unterh\u00e4lt.<\/p>\n<p>Auf einen besonderen musikalischen Leckerbissen k\u00f6nnen sich die Besu\u00adcher der diesj\u00e4hrigen ORLA freuen, wenn Kim Azar s Ensemble \u201eAlafia\u201c mit lebensfrohen afrikanischen Rhythmen und African Reggae Mu\u00adsic die Ausstellung er\u00f6ffnet. Seit 1992 in Deutschland sind Alafia Gast bei internationalen Festivals und fin\u00adden immer den richtigen Ton f\u00fcr ihr Publikum.<\/p>\n<p>Um die Arbeit von \u201eB\u00e4u\u00adme f\u00fcr Menschen &#8211; Trees for the World\u201c zu unterst\u00fctzen haben die K\u00fcnstler spontan ihre Terminpl\u00e4ne ge\u00e4ndert. Gesponsert wird der Auf\u00adtritt von der Friedrich-Ebert-Stiftung\/Bayern Forum. Eine Fotodokumentation wird die Entwicklung des Projektes von den ersten Bauarbeiten f\u00fcr die F\u00f6rster\u00adunterkunft \u00fcber erste Pflanzerfolge, die Arbeit an den Schulen bis zum Aufbau der lokalen Baumschulen zeigen.<\/p>\n<p>Auch das Modell eines LogoWaldes, das erstmals auf der Weltausstellung EXPO 2000 in Han\u00adnover pr\u00e4sentiert wurde, ist auf dem Stand der Umweltorganisation in Halle 8 zu sehen.\u00a0Als G\u00e4ste haben sich unter anderem der Autor und S\u00e4nger Michael Holm angesagt. Umweltinteressierte k\u00f6n\u00adnen bei einer Verlosung eine von f\u00fcnf Baumpatenschaften f\u00fcr den Wald\u00adlehrpfad der Mutterbaumschule in Namibia gewinnen.<\/p>\n<p>Die Umweltorganisation \u201eB\u00e4ume f\u00fcr Menschen &#8211; Trees for the World\u201c en\u00adgagiert sich mit gro\u00dfem Erfolg f\u00fcr den Erhalt der W\u00e4lder, der \u201egr\u00fcnen Lunge\u201c der Erde. Im entwaldeten Nordwesten Namibias entstand die erste Mutterbaumschule mit einem Netzwerk von lokalen Baumschulen, die von Einheimischen betreut wer\u00adden. Mit der Errichtung einer weite\u00adren Mutterbaumschule wird noch in diesem Jahr im s\u00fcdafrikanischen K\u00f6nigreich Lesotho begonnen,<\/p>\n<p>[\/vc_column_text][vc_single_image image=&#8220;893&#8243; alignment=&#8220;center&#8220; border_color=&#8220;grey&#8220; img_link_large=&#8220;yes&#8220; img_link_target=&#8220;_self&#8220; css_animation=&#8220;appear&#8220; img_size=&#8220;medium&#8220;][\/vc_column][\/vc_row]<\/p>\n","protected":false},"excerpt":{"rendered":"<p>[vc_row][vc_column][vc_column_text]Weilheim &#8211; Mit einem Konzert der African Reggae-Band &#8222;Alafia&#8220; startet die internationale Umweltorganisation &#8222;B\u00e4ume f\u00fcr Menschen &#8211; Trees for the World&#8220; in die diesj\u00e4hrige ORLA. Am Er\u00f6ffnungstag, Freitag, 28. Dezember, ab 12 Uhr, spielt die Top-Band um Kim Azas in Halle 8. &#8222;B\u00e4ume f\u00fcr Menschen &#8211; Trees for the World&#8220; stellt in diesem Jahr erstmals [&hellip;]<\/p>\n","protected":false},"author":2,"featured_media":0,"comment_status":"closed","ping_status":"closed","sticky":false,"template":"","format":"standard","meta":{"footnotes":""},"categories":[14],"tags":[],"class_list":["post-165","post","type-post","status-publish","format-standard","hentry","category-pressespiegel-2001"],"_links":{"self":[{"href":"https:\/\/baeume.de\/de\/wp-json\/wp\/v2\/posts\/165","targetHints":{"allow":["GET"]}}],"collection":[{"href":"https:\/\/baeume.de\/de\/wp-json\/wp\/v2\/posts"}],"about":[{"href":"https:\/\/baeume.de\/de\/wp-json\/wp\/v2\/types\/post"}],"author":[{"embeddable":true,"href":"https:\/\/baeume.de\/de\/wp-json\/wp\/v2\/users\/2"}],"replies":[{"embeddable":true,"href":"https:\/\/baeume.de\/de\/wp-json\/wp\/v2\/comments?post=165"}],"version-history":[{"count":0,"href":"https:\/\/baeume.de\/de\/wp-json\/wp\/v2\/posts\/165\/revisions"}],"wp:attachment":[{"href":"https:\/\/baeume.de\/de\/wp-json\/wp\/v2\/media?parent=165"}],"wp:term":[{"taxonomy":"category","embeddable":true,"href":"https:\/\/baeume.de\/de\/wp-json\/wp\/v2\/categories?post=165"},{"taxonomy":"post_tag","embeddable":true,"href":"https:\/\/baeume.de\/de\/wp-json\/wp\/v2\/tags?post=165"}],"curies":[{"name":"wp","href":"https:\/\/api.w.org\/{rel}","templated":true}]}}