{"id":173,"date":"2001-09-29T09:47:07","date_gmt":"2001-09-29T09:47:07","guid":{"rendered":"http:\/\/baum-patenschaft.de\/?p=173"},"modified":"2015-01-29T13:15:31","modified_gmt":"2015-01-29T11:15:31","slug":"baeume-fuer-menschen-trees-for-the-world-2","status":"publish","type":"post","link":"https:\/\/baeume.de\/de\/blog\/baeume-fuer-menschen-trees-for-the-world-2.html","title":{"rendered":"B\u00e4ume f\u00fcr Menschen &#8211; Trees for the World"},"content":{"rendered":"<p>[vc_row][vc_column][vc_column_text]Vier einheimische Mitarbeiter und ein deutscher F\u00f6rster leiten die Mutterbaumschule von &#8222;B\u00e4ume f\u00fcr Menschen &#8211; Trees for the World&#8220; in Ondangwa in Namibia. Die Weilheimer Organisation setzt sich daf\u00fcr ein, dass die Einheimischen durch den Aufbau eines Netzwerks von lokalen Baumschulen und durch aktive Umwelterziehung an Schulen und Kinderg\u00e4rten ihre urspr\u00fcnglich gr\u00fcne und gesunde Umwelt wieder aufbauen k\u00f6nnen.[\/vc_column_text][vc_single_image image=&#8220;923&#8243; alignment=&#8220;center&#8220; border_color=&#8220;grey&#8220; img_link_large=&#8220;yes&#8220; img_link_target=&#8220;_self&#8220; css_animation=&#8220;appear&#8220; img_size=&#8220;medium&#8220;][\/vc_column][\/vc_row]<\/p>\n","protected":false},"excerpt":{"rendered":"<p>[vc_row][vc_column][vc_column_text]Vier einheimische Mitarbeiter und ein deutscher F\u00f6rster leiten die Mutterbaumschule von &#8222;B\u00e4ume f\u00fcr Menschen &#8211; Trees for the World&#8220; in Ondangwa in Namibia. Die Weilheimer Organisation setzt sich daf\u00fcr ein, dass die Einheimischen durch den Aufbau eines Netzwerks von lokalen Baumschulen und durch aktive Umwelterziehung an Schulen und Kinderg\u00e4rten ihre urspr\u00fcnglich gr\u00fcne und gesunde Umwelt [&hellip;]<\/p>\n","protected":false},"author":2,"featured_media":0,"comment_status":"closed","ping_status":"closed","sticky":false,"template":"","format":"standard","meta":{"footnotes":""},"categories":[14],"tags":[],"class_list":["post-173","post","type-post","status-publish","format-standard","hentry","category-pressespiegel-2001"],"_links":{"self":[{"href":"https:\/\/baeume.de\/de\/wp-json\/wp\/v2\/posts\/173","targetHints":{"allow":["GET"]}}],"collection":[{"href":"https:\/\/baeume.de\/de\/wp-json\/wp\/v2\/posts"}],"about":[{"href":"https:\/\/baeume.de\/de\/wp-json\/wp\/v2\/types\/post"}],"author":[{"embeddable":true,"href":"https:\/\/baeume.de\/de\/wp-json\/wp\/v2\/users\/2"}],"replies":[{"embeddable":true,"href":"https:\/\/baeume.de\/de\/wp-json\/wp\/v2\/comments?post=173"}],"version-history":[{"count":0,"href":"https:\/\/baeume.de\/de\/wp-json\/wp\/v2\/posts\/173\/revisions"}],"wp:attachment":[{"href":"https:\/\/baeume.de\/de\/wp-json\/wp\/v2\/media?parent=173"}],"wp:term":[{"taxonomy":"category","embeddable":true,"href":"https:\/\/baeume.de\/de\/wp-json\/wp\/v2\/categories?post=173"},{"taxonomy":"post_tag","embeddable":true,"href":"https:\/\/baeume.de\/de\/wp-json\/wp\/v2\/tags?post=173"}],"curies":[{"name":"wp","href":"https:\/\/api.w.org\/{rel}","templated":true}]}}