{"id":184,"date":"2002-01-26T09:51:05","date_gmt":"2002-01-26T09:51:05","guid":{"rendered":"http:\/\/baum-patenschaft.de\/?p=184"},"modified":"2015-01-29T13:44:16","modified_gmt":"2015-01-29T11:44:16","slug":"zivis-sollen-hoffnung-in-das-land-bringen","status":"publish","type":"post","link":"https:\/\/baeume.de\/de\/blog\/zivis-sollen-hoffnung-in-das-land-bringen.html","title":{"rendered":"Zivis sollen Hoffnung in das Land bringen"},"content":{"rendered":"<p>[vc_row][vc_column][vc_column_text]Weilheim\/Ondangwa &#8211; B\u00e4ume pflanzen, Setzlinge w\u00e4ssern, Schulkindern die Pflege und Aufzucht von Obstb\u00e4umen erkl\u00e4ren &#8211; dies sind nur einige der Aufgaben, die Zivildienstleistende (Zivis) bei der internationalen Organisation &#8222;B\u00e4ume f\u00fcr Menschen &#8211; Trees for the World&#8220; leisten k\u00f6nnen. Seit Sommer 2001 ist die Organisation mit Sitz in Weilheim anerkannter Tr\u00e4ger dieser Alternative zum Zivildienst in Deutschland.<\/p>\n<p>Der erste Zivi Timo arbeitet seit Juni vorigen Jahres im Nordwesten Namibias. Was mit seiner Hilfe bisher geleistet wurde, beschreibt Forstrat, Armin Haberl vom Forstamt Kreuth, der Trees for the World besucht hat, mit den Worten: ,,Es ist erstaunlich, in welch kurzer Zeit so viel erreicht wurde. Die Baumschule zeigt sich als eine, gr\u00fcne Insel inmitten der dicht besiedelten Ortschaft Ondangwa;&#8220; Zu&#8216; den Aufgaben Timos geh\u00f6rt auch die Pflege eines f\u00fcnf Hektar gro\u00dfen Waldlehrpfades.<\/p>\n<p>Am 22.Januar hat Timo mit dem 19-j\u00e4hrigen Johannes Verst\u00e4rkung bekommen. Der junge Mann wurde wie er aus mehreren hundert Bewerbern f\u00fcr den Zivildienst in S\u00fcdwestafrika ausgew\u00e4hlt. Weitere Infos zum Projekt\u00a0 unter www.b\u00e4ume.de im Internet[\/vc_column_text][vc_single_image image=&#8220;932&#8243; alignment=&#8220;center&#8220; border_color=&#8220;grey&#8220; img_link_large=&#8220;yes&#8220; img_link_target=&#8220;_self&#8220; css_animation=&#8220;appear&#8220; img_size=&#8220;medium&#8220;][\/vc_column][\/vc_row]<\/p>\n","protected":false},"excerpt":{"rendered":"<p>[vc_row][vc_column][vc_column_text]Weilheim\/Ondangwa &#8211; B\u00e4ume pflanzen, Setzlinge w\u00e4ssern, Schulkindern die Pflege und Aufzucht von Obstb\u00e4umen erkl\u00e4ren &#8211; dies sind nur einige der Aufgaben, die Zivildienstleistende (Zivis) bei der internationalen Organisation &#8222;B\u00e4ume f\u00fcr Menschen &#8211; Trees for the World&#8220; leisten k\u00f6nnen. Seit Sommer 2001 ist die Organisation mit Sitz in Weilheim anerkannter Tr\u00e4ger dieser Alternative zum Zivildienst in [&hellip;]<\/p>\n","protected":false},"author":2,"featured_media":0,"comment_status":"closed","ping_status":"closed","sticky":false,"template":"","format":"standard","meta":{"footnotes":""},"categories":[15],"tags":[],"class_list":["post-184","post","type-post","status-publish","format-standard","hentry","category-pressespiegel-2002"],"_links":{"self":[{"href":"https:\/\/baeume.de\/de\/wp-json\/wp\/v2\/posts\/184","targetHints":{"allow":["GET"]}}],"collection":[{"href":"https:\/\/baeume.de\/de\/wp-json\/wp\/v2\/posts"}],"about":[{"href":"https:\/\/baeume.de\/de\/wp-json\/wp\/v2\/types\/post"}],"author":[{"embeddable":true,"href":"https:\/\/baeume.de\/de\/wp-json\/wp\/v2\/users\/2"}],"replies":[{"embeddable":true,"href":"https:\/\/baeume.de\/de\/wp-json\/wp\/v2\/comments?post=184"}],"version-history":[{"count":0,"href":"https:\/\/baeume.de\/de\/wp-json\/wp\/v2\/posts\/184\/revisions"}],"wp:attachment":[{"href":"https:\/\/baeume.de\/de\/wp-json\/wp\/v2\/media?parent=184"}],"wp:term":[{"taxonomy":"category","embeddable":true,"href":"https:\/\/baeume.de\/de\/wp-json\/wp\/v2\/categories?post=184"},{"taxonomy":"post_tag","embeddable":true,"href":"https:\/\/baeume.de\/de\/wp-json\/wp\/v2\/tags?post=184"}],"curies":[{"name":"wp","href":"https:\/\/api.w.org\/{rel}","templated":true}]}}