{"id":1850,"date":"2015-06-25T11:29:40","date_gmt":"2015-06-25T09:29:40","guid":{"rendered":"http:\/\/baeume.de\/?p=1850"},"modified":"2015-10-16T11:04:13","modified_gmt":"2015-10-16T09:04:13","slug":"markus-vetter-williams-wetsox-und-junge-musiker-im-stadttheate","status":"publish","type":"post","link":"https:\/\/baeume.de\/de\/blog\/markus-vetter-williams-wetsox-und-junge-musiker-im-stadttheate.html","title":{"rendered":"Junge Musiker im Stadttheater"},"content":{"rendered":"<p>[vc_row][vc_column][vc_column_text]<\/p>\n<h2>Junge Musiker im Stadttheater<\/h2>\n<p><strong>Benefizkonzerte f\u00fcr \u201eJugend &amp; Ehrenamt\u201c<\/strong><br \/>\nWeilheim \u2013 Rund um das Motto \u201eJugend &amp; Ehrenamt\u201c dreht sich dieses Wochenende alles im Stadttheater.<\/p>\n<p>Die beiden Weilheimer Vereine \u201eB\u00e4ume f\u00fcr Menschen \u2013 Trees for the World\u201c und \u201eBewusstseinsver\u00e4nderung\u201c pr\u00e4sentieren dort in Kooperation drei Benefizkonzerte.<\/p>\n<p>Die Erl\u00f6se sollen sozialen Zwecken von den beiden Vereinen in der Region zugutekommen.<br \/>\nLos geht es am morgigen Freitag, 26. Juni, von 20 bis 22.30 Uhr mit Jazz und Blues von \u201e<\/p>\n<p>Markus Vetter &amp; Band\u201c. Am Samstag, 27. Juni, heizt \u201eWilliams Wetsox &amp; Band\u201c ebenfalls von 20 bis 22.30 Uhr seinem Publikum mit \u201eboarischm Blues\u201c so richtig ein. Den Abschluss machen verschiedene junge Musiker am Sonntag, 28. Juni, von 11 bis 14 Uhr. Alle Musiker verzichten zum Wohl der Vereine auf ihre Gage.<\/p>\n<p>Die Er\u00f6ffnungs- und Abschlussrede wird Gr\u00fcnenstadtrat Alfred Honisch halten. \u201eMit den Konzerten wollen wir jungen Leuten nahebringen, wie sie etwas f\u00fcr die Gesellschaft tun k\u00f6nnen, und ihnen zeigen, dass man mit einer ehrenamtlichen T\u00e4tigkeit auch ohne Geld etwas zur\u00fcckbekommt\u201c, sagt Organisatorin Gerlinde Kronner. Zu den geplanten Vereinsprojekten f\u00fcr die Jugend geh\u00f6ren unter anderem die Sanierung eines Brotbackh\u00e4uschens und das Pflanzen von B\u00e4umen im Schulwald beim Naturfreundehaus in Weilheim.<\/p>\n<p>An letzterem Projekt beteiligt sich auch der Verein \u201eB\u00e4ume f\u00fcr Menschen\u201c. \u201eAu\u00dferdem soll die Jugendarbeit mit Aktivit\u00e4ten am Naturfreundehaus und am Ammerhaus in Pei\u00dfenberg gest\u00e4rkt werden\u201c, sagt Vereinsvorsitzender Gottfried Brenner. Daf\u00fcr werde jedoch noch ein Jugendleiter gesucht.<br \/>\nKarten gibt es pro Abend f\u00fcr 7 Euro an der Abendkasse und im Medienhaus Weilheim[\/vc_column_text][vc_single_image image=&#8220;1851&#8243; img_size=&#8220;medium&#8220; alignment=&#8220;center&#8220; img_link_large=&#8220;yes&#8220; css_animation=&#8220;appear&#8220;][\/vc_column][\/vc_row]<\/p>\n","protected":false},"excerpt":{"rendered":"<p>[vc_row][vc_column][vc_column_text] Junge Musiker im Stadttheater Benefizkonzerte f\u00fcr \u201eJugend &amp; Ehrenamt\u201c Weilheim \u2013 Rund um das Motto \u201eJugend &amp; Ehrenamt\u201c dreht sich dieses Wochenende alles im Stadttheater. Die beiden Weilheimer Vereine \u201eB\u00e4ume f\u00fcr Menschen \u2013 Trees for the World\u201c und \u201eBewusstseinsver\u00e4nderung\u201c pr\u00e4sentieren dort in Kooperation drei Benefizkonzerte. Die Erl\u00f6se sollen sozialen Zwecken von den beiden Vereinen [&hellip;]<\/p>\n","protected":false},"author":2,"featured_media":0,"comment_status":"closed","ping_status":"open","sticky":false,"template":"","format":"standard","meta":{"footnotes":""},"categories":[26],"tags":[],"class_list":["post-1850","post","type-post","status-publish","format-standard","hentry","category-pressespiegel-2015"],"_links":{"self":[{"href":"https:\/\/baeume.de\/de\/wp-json\/wp\/v2\/posts\/1850","targetHints":{"allow":["GET"]}}],"collection":[{"href":"https:\/\/baeume.de\/de\/wp-json\/wp\/v2\/posts"}],"about":[{"href":"https:\/\/baeume.de\/de\/wp-json\/wp\/v2\/types\/post"}],"author":[{"embeddable":true,"href":"https:\/\/baeume.de\/de\/wp-json\/wp\/v2\/users\/2"}],"replies":[{"embeddable":true,"href":"https:\/\/baeume.de\/de\/wp-json\/wp\/v2\/comments?post=1850"}],"version-history":[{"count":0,"href":"https:\/\/baeume.de\/de\/wp-json\/wp\/v2\/posts\/1850\/revisions"}],"wp:attachment":[{"href":"https:\/\/baeume.de\/de\/wp-json\/wp\/v2\/media?parent=1850"}],"wp:term":[{"taxonomy":"category","embeddable":true,"href":"https:\/\/baeume.de\/de\/wp-json\/wp\/v2\/categories?post=1850"},{"taxonomy":"post_tag","embeddable":true,"href":"https:\/\/baeume.de\/de\/wp-json\/wp\/v2\/tags?post=1850"}],"curies":[{"name":"wp","href":"https:\/\/api.w.org\/{rel}","templated":true}]}}