{"id":192,"date":"2002-04-04T09:53:02","date_gmt":"2002-04-04T09:53:02","guid":{"rendered":"http:\/\/baum-patenschaft.de\/?p=192"},"modified":"2002-04-04T09:53:02","modified_gmt":"2002-04-04T09:53:02","slug":"gibt-es-bald-die-waelder-mit-werbeaufschrift","status":"publish","type":"post","link":"https:\/\/baeume.de\/de\/blog\/gibt-es-bald-die-waelder-mit-werbeaufschrift.html","title":{"rendered":"Gibt es bald die W\u00e4lder mit Werbeaufschrift?"},"content":{"rendered":"<p>Weilheim\/Hamburg &#8211; F\u00fcr Gottfried Brenner, Initiator der Organisation &#8222;B\u00e4ume f\u00fcr Menschen &#8211; Trees for the World&#8220;, l\u00e4ngst keine Schnapsidee mehr. Dem Oberbayern geht es darum, W\u00e4lder vor allem in der Dritten Welt wieder aufzuforsten. In Deutschland hat er l\u00e4ngst das Patent f\u00fcr seine Idee. Seit gestern auch weltweit. Nach seinen Pl\u00e4nen k\u00f6nnten weltweit riesige W\u00e4lder in Form eines Firmenlogos wachsen, die von einem Flugzeug oder sogar vom Weltraum aus erkennbar w\u00e4ren.<\/p>\n<p>Und so funktioniert es: Auf einem Gel\u00e4nde mit mindestens zehn Quadratkilometern Gr\u00f6\u00dfe werden junge B\u00e4ume so gepflanzt. Die notwendigen Brandschutzschneisen und Wirtschaftswege werden so angelegt, wie es die Gestaltung des Logos vorgibt.<\/p>\n","protected":false},"excerpt":{"rendered":"<p>Weilheim\/Hamburg &#8211; F\u00fcr Gottfried Brenner, Initiator der Organisation &#8222;B\u00e4ume f\u00fcr Menschen &#8211; Trees for the World&#8220;, l\u00e4ngst keine Schnapsidee mehr. Dem Oberbayern geht es darum, W\u00e4lder vor allem in der Dritten Welt wieder aufzuforsten. In Deutschland hat er l\u00e4ngst das Patent f\u00fcr seine Idee. Seit gestern auch weltweit. Nach seinen Pl\u00e4nen k\u00f6nnten weltweit riesige W\u00e4lder [&hellip;]<\/p>\n","protected":false},"author":2,"featured_media":0,"comment_status":"closed","ping_status":"closed","sticky":false,"template":"","format":"standard","meta":{"footnotes":""},"categories":[15],"tags":[],"class_list":["post-192","post","type-post","status-publish","format-standard","hentry","category-pressespiegel-2002"],"_links":{"self":[{"href":"https:\/\/baeume.de\/de\/wp-json\/wp\/v2\/posts\/192","targetHints":{"allow":["GET"]}}],"collection":[{"href":"https:\/\/baeume.de\/de\/wp-json\/wp\/v2\/posts"}],"about":[{"href":"https:\/\/baeume.de\/de\/wp-json\/wp\/v2\/types\/post"}],"author":[{"embeddable":true,"href":"https:\/\/baeume.de\/de\/wp-json\/wp\/v2\/users\/2"}],"replies":[{"embeddable":true,"href":"https:\/\/baeume.de\/de\/wp-json\/wp\/v2\/comments?post=192"}],"version-history":[{"count":0,"href":"https:\/\/baeume.de\/de\/wp-json\/wp\/v2\/posts\/192\/revisions"}],"wp:attachment":[{"href":"https:\/\/baeume.de\/de\/wp-json\/wp\/v2\/media?parent=192"}],"wp:term":[{"taxonomy":"category","embeddable":true,"href":"https:\/\/baeume.de\/de\/wp-json\/wp\/v2\/categories?post=192"},{"taxonomy":"post_tag","embeddable":true,"href":"https:\/\/baeume.de\/de\/wp-json\/wp\/v2\/tags?post=192"}],"curies":[{"name":"wp","href":"https:\/\/api.w.org\/{rel}","templated":true}]}}