{"id":196,"date":"2002-06-01T09:53:54","date_gmt":"2002-06-01T09:53:54","guid":{"rendered":"http:\/\/baum-patenschaft.de\/?p=196"},"modified":"2015-01-29T13:58:05","modified_gmt":"2015-01-29T11:58:05","slug":"trees-for-the-world-macht-weltweit-schule","status":"publish","type":"post","link":"https:\/\/baeume.de\/de\/blog\/trees-for-the-world-macht-weltweit-schule.html","title":{"rendered":"Trees for the World macht weltweit Schule"},"content":{"rendered":"<p>[vc_row][vc_column][vc_column_text]Weilheim &#8211; Zu einem Vorzeigeobjekt hat sich inzwischen die Umweltorganisation B\u00e4ume f\u00fcr Menschen &#8211; Trees for the World entwickelt. So besuchten am vergangenen Mittwoch Fachleute aus Entwicklungsministerien in Vietnam, Kambodscha, Indonesien, Thailand und der Karibik die Gesch\u00e4ftsr\u00e4ume der Organisation in der Angerkapellenstra\u00dfe in Weilheim.<\/p>\n<p>Sie waren im Rahmen einer Fortbildungsveranstaltung auf Empfehlung der DSE (Deutsche Stiftung f\u00fcr internationale Entwicklung) in Feldafing gekommen, um sich \u00fcber die Organisation und ihre Projekte zu informieren. Initiator und Vorstand Gottfried Brenner berichtet unter anderem \u00fcber die Erfahrung mit dem Aufforstungs-Aktivit\u00e4ten in der Mutterbaumschule in Ondangwa\/Namibia. Das erfolgreiche Projekt in dem neusten Forschungsergebnissen umgesetzt werden. B\u00e4ume f\u00fcr Menschen \u2013 Trees for the World ist dort inzwischen zu einer festen Gr\u00f6\u00dfe im Kampf gegen Entwaldung und Desertifikation geworden.<\/p>\n<p>&nbsp;<\/p>\n<p>&nbsp;<\/p>\n<p>&nbsp;<\/p>\n<p>&nbsp;<\/p>\n<p>[\/vc_column_text][vc_single_image image=&#8220;935&#8243; alignment=&#8220;center&#8220; border_color=&#8220;grey&#8220; img_link_large=&#8220;yes&#8220; img_link_target=&#8220;_self&#8220; css_animation=&#8220;appear&#8220; img_size=&#8220;medium&#8220;][\/vc_column][\/vc_row]<\/p>\n","protected":false},"excerpt":{"rendered":"<p>[vc_row][vc_column][vc_column_text]Weilheim &#8211; Zu einem Vorzeigeobjekt hat sich inzwischen die Umweltorganisation B\u00e4ume f\u00fcr Menschen &#8211; Trees for the World entwickelt. So besuchten am vergangenen Mittwoch Fachleute aus Entwicklungsministerien in Vietnam, Kambodscha, Indonesien, Thailand und der Karibik die Gesch\u00e4ftsr\u00e4ume der Organisation in der Angerkapellenstra\u00dfe in Weilheim. Sie waren im Rahmen einer Fortbildungsveranstaltung auf Empfehlung der DSE (Deutsche [&hellip;]<\/p>\n","protected":false},"author":2,"featured_media":0,"comment_status":"closed","ping_status":"closed","sticky":false,"template":"","format":"standard","meta":{"footnotes":""},"categories":[15],"tags":[],"class_list":["post-196","post","type-post","status-publish","format-standard","hentry","category-pressespiegel-2002"],"_links":{"self":[{"href":"https:\/\/baeume.de\/de\/wp-json\/wp\/v2\/posts\/196","targetHints":{"allow":["GET"]}}],"collection":[{"href":"https:\/\/baeume.de\/de\/wp-json\/wp\/v2\/posts"}],"about":[{"href":"https:\/\/baeume.de\/de\/wp-json\/wp\/v2\/types\/post"}],"author":[{"embeddable":true,"href":"https:\/\/baeume.de\/de\/wp-json\/wp\/v2\/users\/2"}],"replies":[{"embeddable":true,"href":"https:\/\/baeume.de\/de\/wp-json\/wp\/v2\/comments?post=196"}],"version-history":[{"count":0,"href":"https:\/\/baeume.de\/de\/wp-json\/wp\/v2\/posts\/196\/revisions"}],"wp:attachment":[{"href":"https:\/\/baeume.de\/de\/wp-json\/wp\/v2\/media?parent=196"}],"wp:term":[{"taxonomy":"category","embeddable":true,"href":"https:\/\/baeume.de\/de\/wp-json\/wp\/v2\/categories?post=196"},{"taxonomy":"post_tag","embeddable":true,"href":"https:\/\/baeume.de\/de\/wp-json\/wp\/v2\/tags?post=196"}],"curies":[{"name":"wp","href":"https:\/\/api.w.org\/{rel}","templated":true}]}}