{"id":221,"date":"2003-08-01T10:04:15","date_gmt":"2003-08-01T10:04:15","guid":{"rendered":"http:\/\/baum-patenschaft.de\/?p=221"},"modified":"2015-01-29T18:51:03","modified_gmt":"2015-01-29T16:51:03","slug":"baeume-fuer-menschen-trees-for-the-world-4","status":"publish","type":"post","link":"https:\/\/baeume.de\/de\/blog\/baeume-fuer-menschen-trees-for-the-world-4.html","title":{"rendered":"&#8222;B\u00e4ume f\u00fcr Menschen &#8211; Trees for the World&#8220;"},"content":{"rendered":"<p>[vc_row][vc_column][vc_column_text]<strong>B\u00e4ume: Zukunft f\u00fcr Namibia und das Weltklima! &#8211; Pr\u00e4sident von Namibia unterst\u00fctzt die Organisation<\/strong><\/p>\n<p>Weilheim &#8211; In der Umgebung von Ondangwa im Nordwesten Namiblas nahe der angolanischen Grenze ist es inzwischen &#8222;in&#8220;, B\u00e4ume zu pflanzen. Die Organisation &#8222;B\u00e4ume f\u00fcr Menschen &#8211; Trees for the World&#8220; mit ihrem Initiator und Vorstand Gottfried Brenner beteiligt sich an dem staatlichen Aufforstungsprojekt im Ombuga Grasland.<\/p>\n<p>B\u00e4ume f\u00fcr Menschen &#8211; Trees for the World hat es mit dem sichtbaren Fortschritt des vor vier Jahren begonnenen Aufforstungsprojektes geschafft, f\u00fcr eine regelrechte Aufbruchstimmung zu sorgen. Es ist heute das erkl\u00e4rte Ziel der Einheimischen, B\u00e4ume zu pflanzen, anstatt ihr Land wahllos abzuholzen.<\/p>\n<p>Die Regierung Namibias ist begeistert, was den Staatspr\u00e4sidenten Dr. Sam Nujoma samt seiner Regierungsmannschaft veranlasste, die Mutterbaumschule in Ondangwa zu besuchen, und Initiator Brenner zu gratulieren. Unter der Anwesenheit des namibischen und s\u00fcdafrikanischen Fernsehen erkl\u00e4rte Dr. Sam Nujoma nach dem Hissen der namibischen und der deutschen Staatsflaggen, dass er von dem Projekt in Ondangwa und dem Ombugha Grassland sehr angetan sei. Dabei lobte er vor allem die Ausgewogenheit mit dem Netzwerk und der Mutterbaumschule, die buchst\u00e4blich zum Bl\u00fchen gebracht wurde:<\/p>\n<p>\u201e Solche Projekte sind lebensnotwendig, um unser Weltklima zu retten.\u201c Gro\u00dfes Interesse fand auch die Vorf\u00fchrung der neuen Wasseraufbereitungsanlage, die von der deutsch- amerikanischen Firma Phileco-World gesponsert wurde. Erste Parzelle bereits gepflanzt. Das staatliche Aufforstungsprojekt im Ombugha Grassland, n\u00f6rdlich der Etosha-Pfanne umfa\u00dft eine Fl\u00e4che von 66000 ha. B\u00e4ume f\u00fcr Menschen \u2013 Trees for the World hat sich bei der Aufforstung der ersten 60 ha mit einem Gro\u00dfteil der Pflanzen beteiligt. B\u00e4ume f\u00fcr Menschen Trees for the World- wurde dabei finanziell unterst\u00fctzt von der Deutschen Umwelthilfe und Rapunzel Naturkost AG aus Mitteln des \u201c Hand- in- Hand \u2013 Fonds \u201e. F\u00fcr diese Aufforstung sind inzwischen 6 Arbeiter besch\u00e4ftigt. Ausgestattet ist dieses Personal mit einer eigenen Wasserpipeline, Zeltlager und einem Traktor mit gro\u00dfem Wassertank. Zur Sicherheit sind bereits gro\u00dfe Brandschutzschneisen angelegt.<\/p>\n<p><strong>Spenden dringender denn je .<\/strong><\/p>\n<p>Damit das auch weltklimatisch relevante Projekt in Namibia erfolgreich weiter gef\u00fchrt werden Kann, sind weiterhin Spenden erw\u00fcnscht. Tel. 0881 8001, Fax 0881 8111, E-Mail oder unter B\u00e4ume f\u00fcr Menschen-Trees for the World Spendenkonto: Raiffeisenbank Weilheim i.OB, Angerkapellenstr. 5 Kto.Nr. 171700 82362 Weilheim BLZ. 70169602. Tel. 0881 8001 Fax: 0881 8111 e-mail www.b\u00e4ume.de[\/vc_column_text][vc_single_image alignment=&#8220;center&#8220; border_color=&#8220;grey&#8220; img_link_large=&#8220;yes&#8220; img_link_target=&#8220;_self&#8220; css_animation=&#8220;appear&#8220; img_size=&#8220;medium&#8220; image=&#8220;986&#8243;][\/vc_column][\/vc_row]<\/p>\n","protected":false},"excerpt":{"rendered":"<p>[vc_row][vc_column][vc_column_text]B\u00e4ume: Zukunft f\u00fcr Namibia und das Weltklima! &#8211; Pr\u00e4sident von Namibia unterst\u00fctzt die Organisation Weilheim &#8211; In der Umgebung von Ondangwa im Nordwesten Namiblas nahe der angolanischen Grenze ist es inzwischen &#8222;in&#8220;, B\u00e4ume zu pflanzen. Die Organisation &#8222;B\u00e4ume f\u00fcr Menschen &#8211; Trees for the World&#8220; mit ihrem Initiator und Vorstand Gottfried Brenner beteiligt sich an [&hellip;]<\/p>\n","protected":false},"author":2,"featured_media":0,"comment_status":"closed","ping_status":"closed","sticky":false,"template":"","format":"standard","meta":{"footnotes":""},"categories":[16],"tags":[],"class_list":["post-221","post","type-post","status-publish","format-standard","hentry","category-pressespiegel-2003"],"_links":{"self":[{"href":"https:\/\/baeume.de\/de\/wp-json\/wp\/v2\/posts\/221","targetHints":{"allow":["GET"]}}],"collection":[{"href":"https:\/\/baeume.de\/de\/wp-json\/wp\/v2\/posts"}],"about":[{"href":"https:\/\/baeume.de\/de\/wp-json\/wp\/v2\/types\/post"}],"author":[{"embeddable":true,"href":"https:\/\/baeume.de\/de\/wp-json\/wp\/v2\/users\/2"}],"replies":[{"embeddable":true,"href":"https:\/\/baeume.de\/de\/wp-json\/wp\/v2\/comments?post=221"}],"version-history":[{"count":0,"href":"https:\/\/baeume.de\/de\/wp-json\/wp\/v2\/posts\/221\/revisions"}],"wp:attachment":[{"href":"https:\/\/baeume.de\/de\/wp-json\/wp\/v2\/media?parent=221"}],"wp:term":[{"taxonomy":"category","embeddable":true,"href":"https:\/\/baeume.de\/de\/wp-json\/wp\/v2\/categories?post=221"},{"taxonomy":"post_tag","embeddable":true,"href":"https:\/\/baeume.de\/de\/wp-json\/wp\/v2\/tags?post=221"}],"curies":[{"name":"wp","href":"https:\/\/api.w.org\/{rel}","templated":true}]}}