{"id":225,"date":"2003-08-20T10:05:43","date_gmt":"2003-08-20T10:05:43","guid":{"rendered":"http:\/\/baum-patenschaft.de\/?p=225"},"modified":"2015-01-30T11:13:20","modified_gmt":"2015-01-30T09:13:20","slug":"lebensnotwendig-fuer-das-weltklima","status":"publish","type":"post","link":"https:\/\/baeume.de\/de\/blog\/lebensnotwendig-fuer-das-weltklima.html","title":{"rendered":"&#8222;Lebensnotwendig f\u00fcr das Weltklima&#8220;"},"content":{"rendered":"<p>[vc_row][vc_column][vc_column_text]<strong>Namibias Pr\u00e4sident lobt Brenner-Initiative<\/strong><\/p>\n<p>Weilheim &#8211; Lob von h\u00f6chster Stelle erhielt der Weilheimer Gottfried Brenner f\u00fcr sein vor vier Jahren ins Leben gerufene Aufforstungsprojekt &#8222;B\u00e4ume f\u00fcr Menschen &#8211; Trees for the World&#8220;. Bei einem Besuch der Mutterbaumschule in Ondangwa erkl\u00e4rte der Staatschef in Anwesenheit des namibischen und des s\u00fcdafrikanischen Fernsehens: &#8222;Solche Projekte sind lebensnotwendig, um unser Weltklima zu retten.&#8220;<\/p>\n<p>Wie mehrfach berichtet, hat Brenner sein Aufforstungsprojekt vor vier Jahren gegr\u00fcndet, heute sei es in Namibia &#8222;das erkl\u00e4rte Ziel der Einheimischen, B\u00e4ume zu pflanzen, anstatt ihr Land wahllos abzuholzen&#8220;, sagt der Weilheimer.[\/vc_column_text][vc_single_image image=&#8220;1006&#8243; alignment=&#8220;center&#8220; border_color=&#8220;grey&#8220; img_link_large=&#8220;yes&#8220; img_link_target=&#8220;_self&#8220; css_animation=&#8220;appear&#8220; img_size=&#8220;medium&#8220;][\/vc_column][\/vc_row]<\/p>\n","protected":false},"excerpt":{"rendered":"<p>[vc_row][vc_column][vc_column_text]Namibias Pr\u00e4sident lobt Brenner-Initiative Weilheim &#8211; Lob von h\u00f6chster Stelle erhielt der Weilheimer Gottfried Brenner f\u00fcr sein vor vier Jahren ins Leben gerufene Aufforstungsprojekt &#8222;B\u00e4ume f\u00fcr Menschen &#8211; Trees for the World&#8220;. Bei einem Besuch der Mutterbaumschule in Ondangwa erkl\u00e4rte der Staatschef in Anwesenheit des namibischen und des s\u00fcdafrikanischen Fernsehens: &#8222;Solche Projekte sind lebensnotwendig, um [&hellip;]<\/p>\n","protected":false},"author":2,"featured_media":0,"comment_status":"closed","ping_status":"closed","sticky":false,"template":"","format":"standard","meta":{"footnotes":""},"categories":[16],"tags":[],"class_list":["post-225","post","type-post","status-publish","format-standard","hentry","category-pressespiegel-2003"],"_links":{"self":[{"href":"https:\/\/baeume.de\/de\/wp-json\/wp\/v2\/posts\/225","targetHints":{"allow":["GET"]}}],"collection":[{"href":"https:\/\/baeume.de\/de\/wp-json\/wp\/v2\/posts"}],"about":[{"href":"https:\/\/baeume.de\/de\/wp-json\/wp\/v2\/types\/post"}],"author":[{"embeddable":true,"href":"https:\/\/baeume.de\/de\/wp-json\/wp\/v2\/users\/2"}],"replies":[{"embeddable":true,"href":"https:\/\/baeume.de\/de\/wp-json\/wp\/v2\/comments?post=225"}],"version-history":[{"count":0,"href":"https:\/\/baeume.de\/de\/wp-json\/wp\/v2\/posts\/225\/revisions"}],"wp:attachment":[{"href":"https:\/\/baeume.de\/de\/wp-json\/wp\/v2\/media?parent=225"}],"wp:term":[{"taxonomy":"category","embeddable":true,"href":"https:\/\/baeume.de\/de\/wp-json\/wp\/v2\/categories?post=225"},{"taxonomy":"post_tag","embeddable":true,"href":"https:\/\/baeume.de\/de\/wp-json\/wp\/v2\/tags?post=225"}],"curies":[{"name":"wp","href":"https:\/\/api.w.org\/{rel}","templated":true}]}}