{"id":229,"date":"2003-08-21T10:06:54","date_gmt":"2003-08-21T10:06:54","guid":{"rendered":"http:\/\/baum-patenschaft.de\/?p=229"},"modified":"2003-08-21T10:06:54","modified_gmt":"2003-08-21T10:06:54","slug":"baeume-fuer-menschen-2","status":"publish","type":"post","link":"https:\/\/baeume.de\/de\/blog\/baeume-fuer-menschen-2.html","title":{"rendered":"B\u00e4ume f\u00fcr Menschen"},"content":{"rendered":"<p>Im bolivianischen Hochland sollen gr\u00fcne Oasen die Lebensbedingungen verbessern<br \/>\nVereinzelte Grasb\u00fcschel auf kargem Boden, schattenlose Gem\u00fcsebeete, kaum ein gr\u00fcner Farbtupfer &#8211; so sieht es im Hochland von Bolivien heute aus. Das soll sich \u00e4ndern: die Umweltorganisation B\u00e4ume f\u00fcr Menschen &#8211; Trees for the World hat mit dem Aufbau einer Baumschule begonnen, die in dem einst bewaldeten Gebiet wieder gr\u00fcne Oasen entstehen lassen will.<\/p>\n","protected":false},"excerpt":{"rendered":"<p>Im bolivianischen Hochland sollen gr\u00fcne Oasen die Lebensbedingungen verbessern Vereinzelte Grasb\u00fcschel auf kargem Boden, schattenlose Gem\u00fcsebeete, kaum ein gr\u00fcner Farbtupfer &#8211; so sieht es im Hochland von Bolivien heute aus. Das soll sich \u00e4ndern: die Umweltorganisation B\u00e4ume f\u00fcr Menschen &#8211; Trees for the World hat mit dem Aufbau einer Baumschule begonnen, die in dem einst [&hellip;]<\/p>\n","protected":false},"author":2,"featured_media":0,"comment_status":"closed","ping_status":"closed","sticky":false,"template":"","format":"standard","meta":{"footnotes":""},"categories":[16],"tags":[],"class_list":["post-229","post","type-post","status-publish","format-standard","hentry","category-pressespiegel-2003"],"_links":{"self":[{"href":"https:\/\/baeume.de\/de\/wp-json\/wp\/v2\/posts\/229","targetHints":{"allow":["GET"]}}],"collection":[{"href":"https:\/\/baeume.de\/de\/wp-json\/wp\/v2\/posts"}],"about":[{"href":"https:\/\/baeume.de\/de\/wp-json\/wp\/v2\/types\/post"}],"author":[{"embeddable":true,"href":"https:\/\/baeume.de\/de\/wp-json\/wp\/v2\/users\/2"}],"replies":[{"embeddable":true,"href":"https:\/\/baeume.de\/de\/wp-json\/wp\/v2\/comments?post=229"}],"version-history":[{"count":0,"href":"https:\/\/baeume.de\/de\/wp-json\/wp\/v2\/posts\/229\/revisions"}],"wp:attachment":[{"href":"https:\/\/baeume.de\/de\/wp-json\/wp\/v2\/media?parent=229"}],"wp:term":[{"taxonomy":"category","embeddable":true,"href":"https:\/\/baeume.de\/de\/wp-json\/wp\/v2\/categories?post=229"},{"taxonomy":"post_tag","embeddable":true,"href":"https:\/\/baeume.de\/de\/wp-json\/wp\/v2\/tags?post=229"}],"curies":[{"name":"wp","href":"https:\/\/api.w.org\/{rel}","templated":true}]}}