{"id":234,"date":"2004-01-26T10:10:34","date_gmt":"2004-01-26T10:10:34","guid":{"rendered":"http:\/\/baum-patenschaft.de\/?p=234"},"modified":"2015-01-30T11:33:47","modified_gmt":"2015-01-30T09:33:47","slug":"ein-wald-fuer-bolivien","status":"publish","type":"post","link":"https:\/\/baeume.de\/de\/blog\/ein-wald-fuer-bolivien.html","title":{"rendered":"Ein Wald f\u00fcr Bolivien"},"content":{"rendered":"<p>[vc_row][vc_column][vc_column_text]Weilheim\/Huari &#8211; Die Mutterbaumschule, die die Weilheimer Organisation &#8222;B\u00e4ume f\u00fcr Menschen &#8211; Trees for the World&#8220; in Bolivien aufbauen will, steht schon.Der Zivildienstleistende Lukas Flugel aus Penzberg, der vor etwa einem Jahr f\u00fcr die Organisation nach Huari geflogen ist, hat mitgeholfen, ein B\u00fcrogeb\u00e4ude mit Schlafr\u00e4umen f\u00fcr die Mitarbeiter, die das Gel\u00e4nde bewachen, zu errichten.<\/p>\n<p>Au\u00dferdem gibt es dort inzwischen Gew\u00e4chsh\u00e4user und Samenbanken, die die S\u00e4mlinge vor der intensiven Sonneneinstrahlung in der Hochebene der Anden sch\u00fctzen. 10.000 heimische B\u00e4ume hat Flugel inzwischen zusammen mit einem Mitarbeiter gro\u00df gezogen, sodass sie bald im etwa zehn Hektar gro\u00dfen Baumpark eingepflanzt werden k\u00f6nnen.<\/p>\n<p>\u201eB\u00e4ume f\u00fcr Menschen\u201c hofft nun auf Spen\u00adder. Wer mithelfen will, kann f\u00fcr 50 Euro eine Baumpatenschaft \u00fcbernehmen (Telefon: 0881\/8001). Fl\u00fcgel ist aber nicht nur damit besch\u00e4ftigt, Samen zu sammeln und zu pflanzen. Er versucht auch Einheimischen, vor allem Kin\u00addern, ein Gesp\u00fcr f\u00fcr B\u00e4ume zu ver\u00admitteln, deshalb h\u00e4lt er oft Vortr\u00e4\u00adge an Schulen oder l\u00e4dt Kinder in die Mutterbaumschule ein. Sein Nachfolger, der sich Anfang Juni auf den Weg nach Huari machen wird, steht laut Gottfried Brun\u00adner, dem Vorstand und Gr\u00fcnder der Organisation, bereits fest.<\/p>\n<p>Um wirklich etwas bewegen zu k\u00f6nnen, sucht \u201eB\u00e4ume f\u00fcr Men\u00adschen\u201c aber auch Sponsoren, denn aufgrund der schlechten Wirt\u00adschaftslage ist die Unterst\u00fctzung: stark zur\u00fcckgegangen. Jetzt hofft i die Organisation, mit einer CD et- 1 was Geld einzunehmen. Michael Holm und Sandra Hoffmann haben Musik und Text f\u00fcr das Lied \u201eTrees for the World\u201c bereits kom\u00adponiert. Der Weilheimer und i Schondorfer Kinderchor begin\u00adnen heute mit den Proben f\u00fcr die Aufnahme.[\/vc_column_text][vc_single_image image=&#8220;1015&#8243; alignment=&#8220;center&#8220; border_color=&#8220;grey&#8220; img_link_large=&#8220;yes&#8220; img_link_target=&#8220;_self&#8220; img_size=&#8220;medium&#8220;][\/vc_column][\/vc_row]<\/p>\n","protected":false},"excerpt":{"rendered":"<p>[vc_row][vc_column][vc_column_text]Weilheim\/Huari &#8211; Die Mutterbaumschule, die die Weilheimer Organisation &#8222;B\u00e4ume f\u00fcr Menschen &#8211; Trees for the World&#8220; in Bolivien aufbauen will, steht schon.Der Zivildienstleistende Lukas Flugel aus Penzberg, der vor etwa einem Jahr f\u00fcr die Organisation nach Huari geflogen ist, hat mitgeholfen, ein B\u00fcrogeb\u00e4ude mit Schlafr\u00e4umen f\u00fcr die Mitarbeiter, die das Gel\u00e4nde bewachen, zu errichten. Au\u00dferdem [&hellip;]<\/p>\n","protected":false},"author":2,"featured_media":0,"comment_status":"closed","ping_status":"closed","sticky":false,"template":"","format":"standard","meta":{"footnotes":""},"categories":[27],"tags":[],"class_list":["post-234","post","type-post","status-publish","format-standard","hentry","category-pressespiegel-2004"],"_links":{"self":[{"href":"https:\/\/baeume.de\/de\/wp-json\/wp\/v2\/posts\/234","targetHints":{"allow":["GET"]}}],"collection":[{"href":"https:\/\/baeume.de\/de\/wp-json\/wp\/v2\/posts"}],"about":[{"href":"https:\/\/baeume.de\/de\/wp-json\/wp\/v2\/types\/post"}],"author":[{"embeddable":true,"href":"https:\/\/baeume.de\/de\/wp-json\/wp\/v2\/users\/2"}],"replies":[{"embeddable":true,"href":"https:\/\/baeume.de\/de\/wp-json\/wp\/v2\/comments?post=234"}],"version-history":[{"count":0,"href":"https:\/\/baeume.de\/de\/wp-json\/wp\/v2\/posts\/234\/revisions"}],"wp:attachment":[{"href":"https:\/\/baeume.de\/de\/wp-json\/wp\/v2\/media?parent=234"}],"wp:term":[{"taxonomy":"category","embeddable":true,"href":"https:\/\/baeume.de\/de\/wp-json\/wp\/v2\/categories?post=234"},{"taxonomy":"post_tag","embeddable":true,"href":"https:\/\/baeume.de\/de\/wp-json\/wp\/v2\/tags?post=234"}],"curies":[{"name":"wp","href":"https:\/\/api.w.org\/{rel}","templated":true}]}}