{"id":244,"date":"2004-03-13T10:13:38","date_gmt":"2004-03-13T10:13:38","guid":{"rendered":"http:\/\/baum-patenschaft.de\/?p=244"},"modified":"2004-03-13T10:13:38","modified_gmt":"2004-03-13T10:13:38","slug":"baeume-fuer-namibia-2","status":"publish","type":"post","link":"https:\/\/baeume.de\/de\/blog\/baeume-fuer-namibia-2.html","title":{"rendered":"B\u00e4ume f\u00fcr Namibia"},"content":{"rendered":"<p><strong>Gunnar Mohr leistet in Afrika Zivildienst<\/strong><\/p>\n<p>Weilheim &#8211; Noch zwei Wochen, dann wird Gunnar Mohr das Alpenvorland verlassen und sich in w\u00e4rmere Gefilde begeben. Der junge Weilheimer fliegt im Auftrag des Vereins &#8222;B\u00e4ume f\u00fcr Menschen&#8220; nach Namibia, absolviert dort den so genannten Anderen Dienst. Wobei das, was sich im ersten Moment wie Urlaub auf Staatskosten anh\u00f6rt, viel pers\u00f6nliches Engagement erfordert. Den Flug zahlt der 19-j\u00e4hrige zwar selbst, sein Einsatz wird 15 Monate dauern anstatt der \u00fcblichen zehn. Der Sold, 350 Euro im Monat, muss \u00fcber Sponsorengelder erwirtschaftet werden.<\/p>\n","protected":false},"excerpt":{"rendered":"<p>Gunnar Mohr leistet in Afrika Zivildienst Weilheim &#8211; Noch zwei Wochen, dann wird Gunnar Mohr das Alpenvorland verlassen und sich in w\u00e4rmere Gefilde begeben. Der junge Weilheimer fliegt im Auftrag des Vereins &#8222;B\u00e4ume f\u00fcr Menschen&#8220; nach Namibia, absolviert dort den so genannten Anderen Dienst. Wobei das, was sich im ersten Moment wie Urlaub auf Staatskosten [&hellip;]<\/p>\n","protected":false},"author":2,"featured_media":0,"comment_status":"closed","ping_status":"closed","sticky":false,"template":"","format":"standard","meta":{"footnotes":""},"categories":[27],"tags":[],"class_list":["post-244","post","type-post","status-publish","format-standard","hentry","category-pressespiegel-2004"],"_links":{"self":[{"href":"https:\/\/baeume.de\/de\/wp-json\/wp\/v2\/posts\/244","targetHints":{"allow":["GET"]}}],"collection":[{"href":"https:\/\/baeume.de\/de\/wp-json\/wp\/v2\/posts"}],"about":[{"href":"https:\/\/baeume.de\/de\/wp-json\/wp\/v2\/types\/post"}],"author":[{"embeddable":true,"href":"https:\/\/baeume.de\/de\/wp-json\/wp\/v2\/users\/2"}],"replies":[{"embeddable":true,"href":"https:\/\/baeume.de\/de\/wp-json\/wp\/v2\/comments?post=244"}],"version-history":[{"count":0,"href":"https:\/\/baeume.de\/de\/wp-json\/wp\/v2\/posts\/244\/revisions"}],"wp:attachment":[{"href":"https:\/\/baeume.de\/de\/wp-json\/wp\/v2\/media?parent=244"}],"wp:term":[{"taxonomy":"category","embeddable":true,"href":"https:\/\/baeume.de\/de\/wp-json\/wp\/v2\/categories?post=244"},{"taxonomy":"post_tag","embeddable":true,"href":"https:\/\/baeume.de\/de\/wp-json\/wp\/v2\/tags?post=244"}],"curies":[{"name":"wp","href":"https:\/\/api.w.org\/{rel}","templated":true}]}}