{"id":250,"date":"2004-04-14T10:16:14","date_gmt":"2004-04-14T10:16:14","guid":{"rendered":"http:\/\/baum-patenschaft.de\/?p=250"},"modified":"2004-04-14T10:16:14","modified_gmt":"2004-04-14T10:16:14","slug":"not-too-late-mother-earth","status":"publish","type":"post","link":"https:\/\/baeume.de\/de\/blog\/not-too-late-mother-earth.html","title":{"rendered":"&#8222;Not Too Late &#8211; Mother Earth&#8220;"},"content":{"rendered":"<p>Michael Holm, Autor und Musikproduzent mit Wohnsitz nahe Weilheim, hat mit Grundschulkindern aus Schondorf und Weilheim eine CD produziert. &#8222;B\u00e4ume f\u00fcr Menschen &#8211; Trees for the World&#8220; hei\u00dft der Silberling, der in einem Schondorfer Tonstudio entstand und am kommenden Freitag offiziell auf den Markt kommt.<\/p>\n","protected":false},"excerpt":{"rendered":"<p>Michael Holm, Autor und Musikproduzent mit Wohnsitz nahe Weilheim, hat mit Grundschulkindern aus Schondorf und Weilheim eine CD produziert. &#8222;B\u00e4ume f\u00fcr Menschen &#8211; Trees for the World&#8220; hei\u00dft der Silberling, der in einem Schondorfer Tonstudio entstand und am kommenden Freitag offiziell auf den Markt kommt.<\/p>\n","protected":false},"author":2,"featured_media":0,"comment_status":"closed","ping_status":"closed","sticky":false,"template":"","format":"standard","meta":{"footnotes":""},"categories":[27],"tags":[],"class_list":["post-250","post","type-post","status-publish","format-standard","hentry","category-pressespiegel-2004"],"_links":{"self":[{"href":"https:\/\/baeume.de\/de\/wp-json\/wp\/v2\/posts\/250","targetHints":{"allow":["GET"]}}],"collection":[{"href":"https:\/\/baeume.de\/de\/wp-json\/wp\/v2\/posts"}],"about":[{"href":"https:\/\/baeume.de\/de\/wp-json\/wp\/v2\/types\/post"}],"author":[{"embeddable":true,"href":"https:\/\/baeume.de\/de\/wp-json\/wp\/v2\/users\/2"}],"replies":[{"embeddable":true,"href":"https:\/\/baeume.de\/de\/wp-json\/wp\/v2\/comments?post=250"}],"version-history":[{"count":0,"href":"https:\/\/baeume.de\/de\/wp-json\/wp\/v2\/posts\/250\/revisions"}],"wp:attachment":[{"href":"https:\/\/baeume.de\/de\/wp-json\/wp\/v2\/media?parent=250"}],"wp:term":[{"taxonomy":"category","embeddable":true,"href":"https:\/\/baeume.de\/de\/wp-json\/wp\/v2\/categories?post=250"},{"taxonomy":"post_tag","embeddable":true,"href":"https:\/\/baeume.de\/de\/wp-json\/wp\/v2\/tags?post=250"}],"curies":[{"name":"wp","href":"https:\/\/api.w.org\/{rel}","templated":true}]}}