{"id":262,"date":"2004-11-11T10:19:42","date_gmt":"2004-11-11T10:19:42","guid":{"rendered":"http:\/\/baum-patenschaft.de\/?p=262"},"modified":"2015-01-30T13:18:19","modified_gmt":"2015-01-30T11:18:19","slug":"naturschutz-nicht-laenger-uncool","status":"publish","type":"post","link":"https:\/\/baeume.de\/de\/blog\/naturschutz-nicht-laenger-uncool.html","title":{"rendered":"Naturschutz nicht l\u00e4nger &#8222;uncool&#8220;"},"content":{"rendered":"<p>[vc_row][vc_column][vc_column_text]<strong>Erstes Treffen der neuen Jugendgruppe<\/strong><\/p>\n<p>Weilheim &#8211; Naturschutz hat nach Ansicht von Angela Oppenheimer, die sich f\u00fcr die Weilheimer Organisation &#8222;B\u00e4ume f\u00fcr Menschen &#8211; Trees for the World&#8220; um das Marketing k\u00fcmmert, immer noch ein &#8222;uncooles&#8220; Image. Mit diesem, ihrer Meinung nach falschem Bild, soll die neue Jugendgruppe GreenCrossforNature.com aufr\u00e4umen.<\/p>\n<p>Zur Gr\u00fcndung und ersten Sitzung dieser Jugendgruppe von &#8222;B\u00e4ume f\u00fcr Menschen&#8220; kamen f\u00fcnf Jugendliche in das Kreisjugendringhaus nach Weilheim, um die Ziele der Gruppe zu besprechen.Laut Gottfried Brenner, der-wie mehrfach berichtet- \u201eB\u00e4ume f\u00fcr Menschen\u201c 1996 gr\u00fcndete und inzwischen Baumschulen in Afrika und S\u00fcdamerika ins Leben rufen konnte, soll die Gruppe langsam wachsen, ihre Ziele selbst definieren und \u201edas Haus \u00fcber der Gruppe selber erbauen\u201c.<\/p>\n<p>Die Inhalte seien offen, feststehen w\u00fcrde lediglich der Internetname, den er sich bereits vor drei Jahren habe sch\u00fctzen lassen. Brenner erkl\u00e4rte auch, dass \u201eB\u00e4ume f\u00fcr Menschen\u201c eine aktive, aber \u201ebrave\u201c Organisation sei, der es oft an Aufmerksamkeit in der \u00d6ffentlichkeit fehle. Dies soll sich durch die neue Aktionsgruppe der Jugendlichen \u00e4ndern.<\/p>\n<p>Leute, die sich f\u00fcr die Natur einsetzen, w\u00fcrden immer noch als \u201e\u00d6kofutzis verschrieen\u201c, meinte Simon Richter, der in der Aktionsgruppe mitarbeiten will. Um auf Missst\u00e4nde aufmerksam zu machen, wollen die Mitglieder eigene Aktionen planen, aber auch durchaus den Spa\u00df in ihrer Arbeit nicht zu kurz kommen lassen. Ob Sport in der Natur, gemeinsame Grillabende an der Ammer mit der anschlie\u00dfenden S\u00e4uberung eines ganzen Uferstreifens, die F\u00f6rderung der M\u00fclltrennung an Schulen oder Protestaktionen: die Ideen der Jugendlichen \u00fcber m\u00f6gliche Bet\u00e4tigungsfelder sind vielf\u00e4ltig.<\/p>\n<p>Unterst\u00fctzt werden soll die Gruppe auch vom Baumexperten und Buchautor Thomas Janscheck. Der Bad Aiblinger gab in Weilheim Anreize, wie die Arbeit einer Jugendgruppe aussehen k\u00f6nne. Er sprach von \u201ehandfesten Aktionen\u201c wie die Pflanzung von Bergw\u00e4ldern und gab zu bedenken, dass man in der Schule \u201eBiologie gelehrt kriegt, aber von der Natur nichts mehr sieht\u201c.<\/p>\n<p>[\/vc_column_text][vc_single_image image=&#8220;1045&#8243; alignment=&#8220;center&#8220; border_color=&#8220;grey&#8220; img_link_large=&#8220;yes&#8220; img_link_target=&#8220;_self&#8220; css_animation=&#8220;appear&#8220; img_size=&#8220;medium&#8220;][\/vc_column][\/vc_row]<\/p>\n","protected":false},"excerpt":{"rendered":"<p>[vc_row][vc_column][vc_column_text]Erstes Treffen der neuen Jugendgruppe Weilheim &#8211; Naturschutz hat nach Ansicht von Angela Oppenheimer, die sich f\u00fcr die Weilheimer Organisation &#8222;B\u00e4ume f\u00fcr Menschen &#8211; Trees for the World&#8220; um das Marketing k\u00fcmmert, immer noch ein &#8222;uncooles&#8220; Image. Mit diesem, ihrer Meinung nach falschem Bild, soll die neue Jugendgruppe GreenCrossforNature.com aufr\u00e4umen. Zur Gr\u00fcndung und ersten Sitzung [&hellip;]<\/p>\n","protected":false},"author":2,"featured_media":0,"comment_status":"closed","ping_status":"closed","sticky":false,"template":"","format":"standard","meta":{"footnotes":""},"categories":[27],"tags":[],"class_list":["post-262","post","type-post","status-publish","format-standard","hentry","category-pressespiegel-2004"],"_links":{"self":[{"href":"https:\/\/baeume.de\/de\/wp-json\/wp\/v2\/posts\/262","targetHints":{"allow":["GET"]}}],"collection":[{"href":"https:\/\/baeume.de\/de\/wp-json\/wp\/v2\/posts"}],"about":[{"href":"https:\/\/baeume.de\/de\/wp-json\/wp\/v2\/types\/post"}],"author":[{"embeddable":true,"href":"https:\/\/baeume.de\/de\/wp-json\/wp\/v2\/users\/2"}],"replies":[{"embeddable":true,"href":"https:\/\/baeume.de\/de\/wp-json\/wp\/v2\/comments?post=262"}],"version-history":[{"count":0,"href":"https:\/\/baeume.de\/de\/wp-json\/wp\/v2\/posts\/262\/revisions"}],"wp:attachment":[{"href":"https:\/\/baeume.de\/de\/wp-json\/wp\/v2\/media?parent=262"}],"wp:term":[{"taxonomy":"category","embeddable":true,"href":"https:\/\/baeume.de\/de\/wp-json\/wp\/v2\/categories?post=262"},{"taxonomy":"post_tag","embeddable":true,"href":"https:\/\/baeume.de\/de\/wp-json\/wp\/v2\/tags?post=262"}],"curies":[{"name":"wp","href":"https:\/\/api.w.org\/{rel}","templated":true}]}}