{"id":271,"date":"2005-04-01T10:22:27","date_gmt":"2005-04-01T10:22:27","guid":{"rendered":"http:\/\/baum-patenschaft.de\/?p=271"},"modified":"2005-04-01T10:22:27","modified_gmt":"2005-04-01T10:22:27","slug":"music-for-trees-in-weilheim","status":"publish","type":"post","link":"https:\/\/baeume.de\/de\/blog\/music-for-trees-in-weilheim.html","title":{"rendered":"&#8222;Music for Trees&#8220; in Weilheim"},"content":{"rendered":"<p><strong>Benefizkonzert zu Gunsten &#8222;B\u00e4ume f\u00fcr Menschen&#8220; &#8211; KREISBOTE verlost Karten<\/strong><\/p>\n<p>Weilheim &#8211; Die Umweltschutzorganisation &#8222;B\u00e4ume f\u00fcr Menschen &#8211; Trees for the World&#8220; veranstaltet am Freitag, 8. April, ein Benefizkonzert in der Hochlandhalle. Mehrere Bands und K\u00fcnstler engagieren sich dabei zugunsten der W\u00e4lder der Erde. Beginn ist um 17.30 Uhr.<\/p>\n<p>&#8222;Trees for the World&#8220; wurde vom Weilheimer Gottfried Brenner gegr\u00fcndet. Der Verein hat sich zum Ziel gesetzt, durch Wiederaufforstung, Forschung und \u00f6ffentliche Meinungsbildung der Gef\u00e4hrdung des Waldes entgegenzuwirken.<\/p>\n","protected":false},"excerpt":{"rendered":"<p>Benefizkonzert zu Gunsten &#8222;B\u00e4ume f\u00fcr Menschen&#8220; &#8211; KREISBOTE verlost Karten Weilheim &#8211; Die Umweltschutzorganisation &#8222;B\u00e4ume f\u00fcr Menschen &#8211; Trees for the World&#8220; veranstaltet am Freitag, 8. April, ein Benefizkonzert in der Hochlandhalle. Mehrere Bands und K\u00fcnstler engagieren sich dabei zugunsten der W\u00e4lder der Erde. Beginn ist um 17.30 Uhr. &#8222;Trees for the World&#8220; wurde vom [&hellip;]<\/p>\n","protected":false},"author":2,"featured_media":0,"comment_status":"closed","ping_status":"closed","sticky":false,"template":"","format":"standard","meta":{"footnotes":""},"categories":[18],"tags":[],"class_list":["post-271","post","type-post","status-publish","format-standard","hentry","category-pressespiegel-2005"],"_links":{"self":[{"href":"https:\/\/baeume.de\/de\/wp-json\/wp\/v2\/posts\/271","targetHints":{"allow":["GET"]}}],"collection":[{"href":"https:\/\/baeume.de\/de\/wp-json\/wp\/v2\/posts"}],"about":[{"href":"https:\/\/baeume.de\/de\/wp-json\/wp\/v2\/types\/post"}],"author":[{"embeddable":true,"href":"https:\/\/baeume.de\/de\/wp-json\/wp\/v2\/users\/2"}],"replies":[{"embeddable":true,"href":"https:\/\/baeume.de\/de\/wp-json\/wp\/v2\/comments?post=271"}],"version-history":[{"count":0,"href":"https:\/\/baeume.de\/de\/wp-json\/wp\/v2\/posts\/271\/revisions"}],"wp:attachment":[{"href":"https:\/\/baeume.de\/de\/wp-json\/wp\/v2\/media?parent=271"}],"wp:term":[{"taxonomy":"category","embeddable":true,"href":"https:\/\/baeume.de\/de\/wp-json\/wp\/v2\/categories?post=271"},{"taxonomy":"post_tag","embeddable":true,"href":"https:\/\/baeume.de\/de\/wp-json\/wp\/v2\/tags?post=271"}],"curies":[{"name":"wp","href":"https:\/\/api.w.org\/{rel}","templated":true}]}}