{"id":273,"date":"2005-04-02T10:23:04","date_gmt":"2005-04-02T10:23:04","guid":{"rendered":"http:\/\/baum-patenschaft.de\/?p=273"},"modified":"2015-02-02T11:18:36","modified_gmt":"2015-02-02T09:18:36","slug":"benefizkonzert-fuer-die-waelder-der-erde","status":"publish","type":"post","link":"https:\/\/baeume.de\/de\/blog\/benefizkonzert-fuer-die-waelder-der-erde.html","title":{"rendered":"Benefizkonzert f\u00fcr die W\u00e4lder der Erde"},"content":{"rendered":"<p>[vc_row][vc_column][vc_column_text]Weilheim &#8211; Die Wiederaufforstung von entwaldeten Fl\u00e4chen in Afrika und S\u00fcdamerika geh\u00f6rt zu den wichtigsten Zielen der Umweltschutzorganisation &#8222;B\u00e4ume f\u00fcr Menschen &#8211; Trees for the World&#8220;. Um in \u00f6kologischen Krisengebieten weiterhin tatkr\u00e4ftiges, fachkundiges Knowhow und finanzielle Mittel zur Selbsthilfe bereit stellen zu k\u00f6nnen, veranstaltet &#8222;B\u00e4ume f\u00fcr Menschen &#8211; Trees for the World&#8220; am Freitag, 8. April ein hochkar\u00e4tig besetztes Benefizkonzert.<\/p>\n<p>Aus dem s\u00fcddeutschen Untergrund taucht dann die Band Vinyltherapie auf, um deutschen Hip Hop vom Feinsten zu pr\u00e4sentieren. Auch aus M\u00fcnchen reist die Formation \u201eJamaram\u201c an \u2013 im Gep\u00e4ck schwei\u00dftreibende Reggae Riddims, Latin Percussions-Einlagen und groovenden Funk.<\/p>\n<p>Und auf dem Weg zum Newcomer des Jahres macht General Maans feat. Dreadskin &amp; Crew Station in der Hochlandhalle. Die Musiker kommen aus Afrika und stehen f\u00fcr urspr\u00fcngliche, kreativen Reggae. Ein bemerkenswertes musikalisches Comeback feiert der S\u00e4nger, Komponist und Musikproduzent Michael Holm mit seiner Band die \u201eStr\u00fcmpfe\u201c. Als besonderen H\u00f6hepunkt pr\u00e4sentiert Holm mit seinen Musikern den topaktuellen \u201eTrees for the World\u201c Song \u201eMother Earth\u201c.<\/p>\n<p>Die bekannte Artistengruppe \u201eVaganti\u201c, wird dazu ein lebenden Bau, auf die B\u00fchne zaubern. Und last but not least kommt Hans S\u00f6llner, der unbequeme Rasta aus Bad Reichenhall mit aufm\u00fcpfigen Alpenraggae in die Hochlandhalle. Mit diesem spannenenden Konzertprogramm m\u00f6chte Gottfried Brenner, Gr\u00fcnder von \u201eB\u00e4ume f\u00fcr Menschen \u2013 Trees for the World\u201c junge Leute in seine Heimatstadt Weilheim und dar\u00fcber Hinaus erneut das Thema Umwelt- und Klimaschutz sensibilisieren.<\/p>\n<p>F\u00fcr das bevorstehende Benefizkonzert hoffen die Aktiven der Umweltschutz-Organisation und der dazu geh\u00f6rigen Jugendgruppe GreenCrossforNature.com auf das gro\u00dfe Interesse zahlreicher m\u00fcndiger B\u00fcrger, die sich nicht damit abfinden wollen, dass nach wie vor Tag f\u00fcr Tag riese W\u00e4lder von der Erdoberfl\u00e4che verschwinden.<\/p>\n<p>[\/vc_column_text][vc_single_image image=&#8220;1110&#8243; alignment=&#8220;center&#8220; border_color=&#8220;grey&#8220; img_link_large=&#8220;yes&#8220; img_link_target=&#8220;_self&#8220; css_animation=&#8220;appear&#8220; img_size=&#8220;medium&#8220;][\/vc_column][\/vc_row]<\/p>\n","protected":false},"excerpt":{"rendered":"<p>[vc_row][vc_column][vc_column_text]Weilheim &#8211; Die Wiederaufforstung von entwaldeten Fl\u00e4chen in Afrika und S\u00fcdamerika geh\u00f6rt zu den wichtigsten Zielen der Umweltschutzorganisation &#8222;B\u00e4ume f\u00fcr Menschen &#8211; Trees for the World&#8220;. Um in \u00f6kologischen Krisengebieten weiterhin tatkr\u00e4ftiges, fachkundiges Knowhow und finanzielle Mittel zur Selbsthilfe bereit stellen zu k\u00f6nnen, veranstaltet &#8222;B\u00e4ume f\u00fcr Menschen &#8211; Trees for the World&#8220; am Freitag, 8. [&hellip;]<\/p>\n","protected":false},"author":2,"featured_media":0,"comment_status":"closed","ping_status":"closed","sticky":false,"template":"","format":"standard","meta":{"footnotes":""},"categories":[18],"tags":[],"class_list":["post-273","post","type-post","status-publish","format-standard","hentry","category-pressespiegel-2005"],"_links":{"self":[{"href":"https:\/\/baeume.de\/de\/wp-json\/wp\/v2\/posts\/273","targetHints":{"allow":["GET"]}}],"collection":[{"href":"https:\/\/baeume.de\/de\/wp-json\/wp\/v2\/posts"}],"about":[{"href":"https:\/\/baeume.de\/de\/wp-json\/wp\/v2\/types\/post"}],"author":[{"embeddable":true,"href":"https:\/\/baeume.de\/de\/wp-json\/wp\/v2\/users\/2"}],"replies":[{"embeddable":true,"href":"https:\/\/baeume.de\/de\/wp-json\/wp\/v2\/comments?post=273"}],"version-history":[{"count":0,"href":"https:\/\/baeume.de\/de\/wp-json\/wp\/v2\/posts\/273\/revisions"}],"wp:attachment":[{"href":"https:\/\/baeume.de\/de\/wp-json\/wp\/v2\/media?parent=273"}],"wp:term":[{"taxonomy":"category","embeddable":true,"href":"https:\/\/baeume.de\/de\/wp-json\/wp\/v2\/categories?post=273"},{"taxonomy":"post_tag","embeddable":true,"href":"https:\/\/baeume.de\/de\/wp-json\/wp\/v2\/tags?post=273"}],"curies":[{"name":"wp","href":"https:\/\/api.w.org\/{rel}","templated":true}]}}