{"id":275,"date":"2005-04-02T10:23:37","date_gmt":"2005-04-02T10:23:37","guid":{"rendered":"http:\/\/baum-patenschaft.de\/?p=275"},"modified":"2015-01-30T17:44:11","modified_gmt":"2015-01-30T15:44:11","slug":"benefizkonzert-mit-besonderem-hintergrund","status":"publish","type":"post","link":"https:\/\/baeume.de\/de\/blog\/benefizkonzert-mit-besonderem-hintergrund.html","title":{"rendered":"Benefizkonzert mit besonderem Hintergrund"},"content":{"rendered":"<p>[vc_row][vc_column][vc_column_text]Weilheim &#8211; Die Umweltschutzorganisation \u201eB\u00e4ume f\u00fcr Menschen &#8211; Trees for the World\u201c, gegr\u00fcndet vom Weilheimer Gottfried Brenner, veranstaltet am Freitag, 8. April ein Aufsehen erregendes Benefizkonzert in der Hochlandhalle: Mehrere Bands engagieren sich zugunsten der W\u00e4lder dieser Erde. Neben dem bekannten Reggae-Rebell Hans S\u00f6llner wird die M\u00fcnchner Formation \u201eJamaram\u201c und die Reggae-Formation \u201eGeneral Maans\u201c f\u00fcr ein mitrei\u00dfendes Konzert sorgen.<\/p>\n<p>\u201eJamaram\u201c kommt \u2013 wie so viele gute Bands. aus M\u00fcnchen. Tom, Murxen, Hannes und Matthias versprechen schwei\u00dftreibenden Reggae Riddims, Percussion-Latineinlagen, groovenden Funk und eine mitrei\u00dfenden B\u00fchnenpr\u00e4senz. \u201eJamaram\u201c kombiniert Reggae, Funk, Samba und Blues zu einem unvergleichlichen Stil, der Konzerte zu Party\u00b4s werden l\u00e4sst.<\/p>\n<p>Als besonderes Highlight pr\u00e4sentiert die mit zahlreichen Preisen ausgezeichneten Akrobatik-Gruppe \u201eVaganti\u201c aus Weilheim den eigens von Sandra Hoffman und Michael Hol, f\u00fcr \u201eTrees for the World\u201c produzierten Song \u201eMother Earth\u201c. Ein lebender Baum wird auf der B\u00fchne entstehen, der den tieferen Sinn des einzigartigen Benefizkonzerts symbolisieren soll,<\/p>\n<p>Jugendliche mit Jugendleiterauswie sowie Behinderte mit Ausweis erhalten drei Euro Erm\u00e4\u00dfigung auf den Eintrittspreis \/Vorverkauf 18,50 Euro) Infos unter <a href=\"http:\/\/www.B\u00e4ume.de\">www.B\u00e4ume.de<\/a>, Email <a href=\"mailto:trees@t-online.de\">trees@t-online.de<\/a>. Vorverkauf bei der Raiffeisenbank Weilheim mit ihren Au\u00dfenstellen.[\/vc_column_text][vc_single_image image=&#8220;1084&#8243; alignment=&#8220;center&#8220; border_color=&#8220;grey&#8220; img_link_large=&#8220;yes&#8220; img_link_target=&#8220;_self&#8220; css_animation=&#8220;appear&#8220; img_size=&#8220;medium&#8220;][\/vc_column][\/vc_row]<\/p>\n","protected":false},"excerpt":{"rendered":"<p>[vc_row][vc_column][vc_column_text]Weilheim &#8211; Die Umweltschutzorganisation \u201eB\u00e4ume f\u00fcr Menschen &#8211; Trees for the World\u201c, gegr\u00fcndet vom Weilheimer Gottfried Brenner, veranstaltet am Freitag, 8. April ein Aufsehen erregendes Benefizkonzert in der Hochlandhalle: Mehrere Bands engagieren sich zugunsten der W\u00e4lder dieser Erde. Neben dem bekannten Reggae-Rebell Hans S\u00f6llner wird die M\u00fcnchner Formation \u201eJamaram\u201c und die Reggae-Formation \u201eGeneral Maans\u201c f\u00fcr [&hellip;]<\/p>\n","protected":false},"author":2,"featured_media":0,"comment_status":"closed","ping_status":"closed","sticky":false,"template":"","format":"standard","meta":{"footnotes":""},"categories":[18],"tags":[],"class_list":["post-275","post","type-post","status-publish","format-standard","hentry","category-pressespiegel-2005"],"_links":{"self":[{"href":"https:\/\/baeume.de\/de\/wp-json\/wp\/v2\/posts\/275","targetHints":{"allow":["GET"]}}],"collection":[{"href":"https:\/\/baeume.de\/de\/wp-json\/wp\/v2\/posts"}],"about":[{"href":"https:\/\/baeume.de\/de\/wp-json\/wp\/v2\/types\/post"}],"author":[{"embeddable":true,"href":"https:\/\/baeume.de\/de\/wp-json\/wp\/v2\/users\/2"}],"replies":[{"embeddable":true,"href":"https:\/\/baeume.de\/de\/wp-json\/wp\/v2\/comments?post=275"}],"version-history":[{"count":0,"href":"https:\/\/baeume.de\/de\/wp-json\/wp\/v2\/posts\/275\/revisions"}],"wp:attachment":[{"href":"https:\/\/baeume.de\/de\/wp-json\/wp\/v2\/media?parent=275"}],"wp:term":[{"taxonomy":"category","embeddable":true,"href":"https:\/\/baeume.de\/de\/wp-json\/wp\/v2\/categories?post=275"},{"taxonomy":"post_tag","embeddable":true,"href":"https:\/\/baeume.de\/de\/wp-json\/wp\/v2\/tags?post=275"}],"curies":[{"name":"wp","href":"https:\/\/api.w.org\/{rel}","templated":true}]}}