{"id":279,"date":"2005-04-09T10:24:33","date_gmt":"2005-04-09T10:24:33","guid":{"rendered":"http:\/\/baum-patenschaft.de\/?p=279"},"modified":"2015-01-30T16:19:23","modified_gmt":"2015-01-30T14:19:23","slug":"konzert-bringt-7-500-euro-fuer-baeume","status":"publish","type":"post","link":"https:\/\/baeume.de\/de\/blog\/konzert-bringt-7-500-euro-fuer-baeume.html","title":{"rendered":"Konzert bringt 7.500 Euro f\u00fcr B\u00e4ume"},"content":{"rendered":"<p>[vc_row][vc_column][vc_column_text]Weilheim &#8211; Bei ihnen geht es drunter und dr\u00fcber: Die Weilheimer Akrobatik-Gruppe &#8222;Vaganti&#8220; verst\u00f6\u00dft in verbl\u00fcffender Weise gegen die Regeln der Schwerkraft.<\/p>\n<p>Beim Benefizkonzert der Umweltorganisation &#8222;B\u00e4ume f\u00fcr Menschen &#8211; Trees for the World&#8220; am Freitagabend in der Hochlandhalle lie\u00dfen sie vor rund 1.000 Fans einen lebenden Baum auf der B\u00fchne entstehen.<\/p>\n<p>Dazu wurde der von Michael Holm und Sandra Hofmann extra f\u00fcr &#8222;Trees for the World&#8220; komponierte Song &#8222;Mother Earth&#8220; gespielt ein bisschen Bombast und doch sehr eing\u00e4ngig, perfekt inszeniert zu &#8222;Vagantis&#8220; H\u00f6henfl\u00fcgen.<\/p>\n<p>Es war, dies erster H\u00f6hepunkt eines Abends, der um 17:30 Uhr mit der Band ,,Vinyltherapie&#8220; begann. ,,Hip Hop liebt man oder hasst man, meinte die 15-j\u00e4hrige Lara aus Weilheim, sie selbst stand klar auf, der Hasser-Seite. An den einen scheiden sich die Geister, die anderen einten alle Musikfans: Best of Reggae,:Blues, Samba und Funk bot ,,Jarnaram&#8220; aus M\u00fcnchen und hatte die Halle sofort im Griff.<\/p>\n<p>,,General Maans featuring Dreadskin&#8220; wirkte ein bisschen konzeptlos, und m\u00f6chte man an dem Abend etwas kritisieren, dann vielleicht den dramaturgischen Aufbau. Sonst aber nur Lob aus den unterschiedlichsten Ecken zum Beispiel von der Feuerwehr: \u201eJugendliche sind viel disziplinierter als die Erwachsenen.\u201c Lob gab es f\u00fcr die Aussteuerung \u2013 guter Sound unter der Holzdecke.<\/p>\n<p>Die Hochlandhalle hat Konzerthallen-Charme. Das fand auch Hans S\u00f6llner, Top Act des Abends. Der unangepasste Alpenraste war diesmal mit Band unterwegs und vergleichsweise zahm. Seine klare Botschaft: Ohne Wiederaufforstung in \u00f6kologischen Krisengebieten \u201egeht uns bald nass nei\u201c. Als S\u00f6llner um halb eines nach zweieinhalb groovy Stunden den Abend beendeten, waren rund 7500 Euro auf der Haben-Seite des Benefizkonzerts.<\/p>\n<p>Diese kommen zwei Baumschulen zugute, einer in Namibia und einer weiteren in Bolivien, wo die klimatischen Bedingungen und die H\u00f6henlage es besonders schwierig machen, B\u00e4umchen \u00fcber die erste kritische Wachstumsperiode von rund zwei Jahren zu bringen. Gottfried Brenner von \u201eB\u00e4ume f\u00fcr Menschen\u201c zog eine positive Bilanz des Abends, vor allem, weil einige Kids schon Interesse angemeldet haben bei der Jugendgruppe der Organisation, \u201eGreenCrossforNature.com\u201c, mitzumachen. \u201eDas freut mich am meisten\u201c, sagte Brenner.<\/p>\n<p>Die Neulinge k\u00f6nnen dann gleich beim Bau des Weidenhauses und beim ersten Schulwald Bayerns mitzumachen. Ein Wort von Hans S\u00f6llner im Ohr: \u201eDie B\u00e4ume brauchen uns nicht. Aber wir brauchen die B\u00e4ume!\u201c.[\/vc_column_text][vc_single_image image=&#8220;1076&#8243; alignment=&#8220;center&#8220; border_color=&#8220;grey&#8220; img_link_large=&#8220;yes&#8220; img_link_target=&#8220;_self&#8220; css_animation=&#8220;appear&#8220; img_size=&#8220;medium&#8220;][\/vc_column][\/vc_row]<\/p>\n","protected":false},"excerpt":{"rendered":"<p>[vc_row][vc_column][vc_column_text]Weilheim &#8211; Bei ihnen geht es drunter und dr\u00fcber: Die Weilheimer Akrobatik-Gruppe &#8222;Vaganti&#8220; verst\u00f6\u00dft in verbl\u00fcffender Weise gegen die Regeln der Schwerkraft. Beim Benefizkonzert der Umweltorganisation &#8222;B\u00e4ume f\u00fcr Menschen &#8211; Trees for the World&#8220; am Freitagabend in der Hochlandhalle lie\u00dfen sie vor rund 1.000 Fans einen lebenden Baum auf der B\u00fchne entstehen. Dazu wurde der [&hellip;]<\/p>\n","protected":false},"author":2,"featured_media":0,"comment_status":"closed","ping_status":"closed","sticky":false,"template":"","format":"standard","meta":{"footnotes":""},"categories":[18],"tags":[],"class_list":["post-279","post","type-post","status-publish","format-standard","hentry","category-pressespiegel-2005"],"_links":{"self":[{"href":"https:\/\/baeume.de\/de\/wp-json\/wp\/v2\/posts\/279","targetHints":{"allow":["GET"]}}],"collection":[{"href":"https:\/\/baeume.de\/de\/wp-json\/wp\/v2\/posts"}],"about":[{"href":"https:\/\/baeume.de\/de\/wp-json\/wp\/v2\/types\/post"}],"author":[{"embeddable":true,"href":"https:\/\/baeume.de\/de\/wp-json\/wp\/v2\/users\/2"}],"replies":[{"embeddable":true,"href":"https:\/\/baeume.de\/de\/wp-json\/wp\/v2\/comments?post=279"}],"version-history":[{"count":0,"href":"https:\/\/baeume.de\/de\/wp-json\/wp\/v2\/posts\/279\/revisions"}],"wp:attachment":[{"href":"https:\/\/baeume.de\/de\/wp-json\/wp\/v2\/media?parent=279"}],"wp:term":[{"taxonomy":"category","embeddable":true,"href":"https:\/\/baeume.de\/de\/wp-json\/wp\/v2\/categories?post=279"},{"taxonomy":"post_tag","embeddable":true,"href":"https:\/\/baeume.de\/de\/wp-json\/wp\/v2\/tags?post=279"}],"curies":[{"name":"wp","href":"https:\/\/api.w.org\/{rel}","templated":true}]}}