{"id":3020,"date":"2016-03-30T20:33:45","date_gmt":"2016-03-30T18:33:45","guid":{"rendered":"http:\/\/baeume.de\/?p=3020"},"modified":"2016-04-19T12:37:19","modified_gmt":"2016-04-19T10:37:19","slug":"sporteln-fuer-den-guten-zweck","status":"publish","type":"post","link":"https:\/\/baeume.de\/de\/blog\/sporteln-fuer-den-guten-zweck.html","title":{"rendered":"Sporteln f\u00fcr den guten Zweck"},"content":{"rendered":"<p>[vc_row][vc_column][vc_column_text]Kreisbote Weilheim \u2013 30.03.2016<\/p>\n<p><strong>Spendenlauf f\u00fcr &#8222;B\u00e4ume f\u00fcr Menschen \u2013 Trees for the World<sup>\u00ae<\/sup>&#8222;<\/strong><\/p>\n<p>Weilheim\/M\u00fcnchen \u2013 Die Gemeinn\u00fctzige Organisation &#8222;B\u00e4ume f\u00fcr Menschen \u2013 Trees for the World<sup>\u00ae<\/sup>&#8220; soll durch einen geplanten Spendenlauf der M\u00fcnchner Sabel Bildungsgruppe unterst\u00fctzt werden. Rund 1.500 Sch\u00fcler k\u00f6nnen an dem geplanten Spendenlauf teilnehmen, die genaue Zahl der freiwilligen L\u00e4ufer steht allerdings noch nicht fest. Die Eltern der Sch\u00fcler k\u00f6nnen dann zum Beispiel f\u00fcr jeden gelaufenen Meter ihres Kindes spenden. Durchgef\u00fchrt werden soll der Lauf auf dem Olympiagel\u00e4nde. Die eingenommenen Spenden kommen dann dem Kindergarten Sankt Johannes in Namibia und der dortigen Baumschule zu Gute.<\/p>\n<p>Laut Gottfried Brenner, Vorstandsvorsitzender von &#8222;B\u00e4ume f\u00fcr Menschen \u2013 Trees for the World<sup>\u00ae<\/sup>&#8220; g\u00e4be es zwar viele Organisationen in diesem Bereich, diese h\u00e4tten jedoch alle keine eigenen Baumschulen: \u201eWir sind die Praktiker\u201c. In dem Kindergarten sind momentan 16 Kinder, die von einer Erzieherin betreut werden und dort ein Mittagessen bekommen. Vor Ort sind au\u00dferdem noch eine K\u00f6chin und eine Hausmeisterin. Die Kinder leben mit ihren Eltern rund um einen M\u00fcllplatz. F\u00fcr die Betreuung werden sie jeden Tag von dort abgeholt und auch wieder nach Hause gebracht.<\/p>\n<p>Wer sich den Kindergarten von \u201eB\u00e4ume f\u00fcr Menschen\u201c in Namibia n\u00e4her anschauen m\u00f6chte, kann das mit einem k\u00fcrzlich aufgenommenen Film tun. Vor ungef\u00e4hr drei Wochen war dort das Filmteam der Kindersendung \u201eAnna und die wilden Tiere\u201c zu Besuch. Die Aufnahme sowie die Spendenkonten sind auf der Homepage www.baeume.de zu finden.<\/p>\n<p><strong>\u00bb<\/strong> <a href=\"\/blog\/portfolio\/kinderhilfe\">Zum Video<\/a><\/p>\n<p>[\/vc_column_text][\/vc_column][\/vc_row][vc_row][vc_column][\/vc_column][\/vc_row]<\/p>\n","protected":false},"excerpt":{"rendered":"<p>[vc_row][vc_column][vc_column_text]Kreisbote Weilheim \u2013 30.03.2016 Spendenlauf f\u00fcr &#8222;B\u00e4ume f\u00fcr Menschen \u2013 Trees for the World\u00ae&#8222; Weilheim\/M\u00fcnchen \u2013 Die Gemeinn\u00fctzige Organisation &#8222;B\u00e4ume f\u00fcr Menschen \u2013 Trees for the World\u00ae&#8220; soll durch einen geplanten Spendenlauf der M\u00fcnchner Sabel Bildungsgruppe unterst\u00fctzt werden. Rund 1.500 Sch\u00fcler k\u00f6nnen an dem geplanten Spendenlauf teilnehmen, die genaue Zahl der freiwilligen L\u00e4ufer steht allerdings [&hellip;]<\/p>\n","protected":false},"author":5,"featured_media":0,"comment_status":"open","ping_status":"open","sticky":false,"template":"","format":"standard","meta":{"footnotes":""},"categories":[49],"tags":[],"class_list":["post-3020","post","type-post","status-publish","format-standard","hentry","category-pressespiegel-2016"],"_links":{"self":[{"href":"https:\/\/baeume.de\/de\/wp-json\/wp\/v2\/posts\/3020","targetHints":{"allow":["GET"]}}],"collection":[{"href":"https:\/\/baeume.de\/de\/wp-json\/wp\/v2\/posts"}],"about":[{"href":"https:\/\/baeume.de\/de\/wp-json\/wp\/v2\/types\/post"}],"author":[{"embeddable":true,"href":"https:\/\/baeume.de\/de\/wp-json\/wp\/v2\/users\/5"}],"replies":[{"embeddable":true,"href":"https:\/\/baeume.de\/de\/wp-json\/wp\/v2\/comments?post=3020"}],"version-history":[{"count":0,"href":"https:\/\/baeume.de\/de\/wp-json\/wp\/v2\/posts\/3020\/revisions"}],"wp:attachment":[{"href":"https:\/\/baeume.de\/de\/wp-json\/wp\/v2\/media?parent=3020"}],"wp:term":[{"taxonomy":"category","embeddable":true,"href":"https:\/\/baeume.de\/de\/wp-json\/wp\/v2\/categories?post=3020"},{"taxonomy":"post_tag","embeddable":true,"href":"https:\/\/baeume.de\/de\/wp-json\/wp\/v2\/tags?post=3020"}],"curies":[{"name":"wp","href":"https:\/\/api.w.org\/{rel}","templated":true}]}}