{"id":303,"date":"2005-11-24T10:39:03","date_gmt":"2005-11-24T10:39:03","guid":{"rendered":"http:\/\/baum-patenschaft.de\/?p=303"},"modified":"2005-11-24T10:39:03","modified_gmt":"2005-11-24T10:39:03","slug":"mein-freund-der-baum","status":"publish","type":"post","link":"https:\/\/baeume.de\/de\/blog\/mein-freund-der-baum.html","title":{"rendered":"&#8222;Mein Freund der Baum&#8220;"},"content":{"rendered":"<p>Weilheim &#8211; Die Jugendgruppe GreenCrossforNature.com feiert ihr einj\u00e4hriges bestehen und l\u00e4dt alle Naturfreunde am Freitag 25. November, um 14 Uhr zu einer Baumwanderung durch den Auwald ein. Treffpunkt ist am Naturfreundehaus. Gottfried Brenner, Gr\u00fcnder der Umweltorganisation &#8222;B\u00e4ume f\u00fcr Menschen &#8211; Trees for the World&#8220; hat als Wanderf\u00fchrer den Baumexperten und Buchautor Thomas Janscheck gewonnen. Im Auwald, wo sich der Schulwald von GreenCrossforNature.com befindet, wird die Botanik und Symbolik heimischer Geh\u00f6lzarten erkl\u00e4rt.<\/p>\n","protected":false},"excerpt":{"rendered":"<p>Weilheim &#8211; Die Jugendgruppe GreenCrossforNature.com feiert ihr einj\u00e4hriges bestehen und l\u00e4dt alle Naturfreunde am Freitag 25. November, um 14 Uhr zu einer Baumwanderung durch den Auwald ein. Treffpunkt ist am Naturfreundehaus. Gottfried Brenner, Gr\u00fcnder der Umweltorganisation &#8222;B\u00e4ume f\u00fcr Menschen &#8211; Trees for the World&#8220; hat als Wanderf\u00fchrer den Baumexperten und Buchautor Thomas Janscheck gewonnen. Im [&hellip;]<\/p>\n","protected":false},"author":2,"featured_media":0,"comment_status":"closed","ping_status":"closed","sticky":false,"template":"","format":"standard","meta":{"footnotes":""},"categories":[18],"tags":[],"class_list":["post-303","post","type-post","status-publish","format-standard","hentry","category-pressespiegel-2005"],"_links":{"self":[{"href":"https:\/\/baeume.de\/de\/wp-json\/wp\/v2\/posts\/303","targetHints":{"allow":["GET"]}}],"collection":[{"href":"https:\/\/baeume.de\/de\/wp-json\/wp\/v2\/posts"}],"about":[{"href":"https:\/\/baeume.de\/de\/wp-json\/wp\/v2\/types\/post"}],"author":[{"embeddable":true,"href":"https:\/\/baeume.de\/de\/wp-json\/wp\/v2\/users\/2"}],"replies":[{"embeddable":true,"href":"https:\/\/baeume.de\/de\/wp-json\/wp\/v2\/comments?post=303"}],"version-history":[{"count":0,"href":"https:\/\/baeume.de\/de\/wp-json\/wp\/v2\/posts\/303\/revisions"}],"wp:attachment":[{"href":"https:\/\/baeume.de\/de\/wp-json\/wp\/v2\/media?parent=303"}],"wp:term":[{"taxonomy":"category","embeddable":true,"href":"https:\/\/baeume.de\/de\/wp-json\/wp\/v2\/categories?post=303"},{"taxonomy":"post_tag","embeddable":true,"href":"https:\/\/baeume.de\/de\/wp-json\/wp\/v2\/tags?post=303"}],"curies":[{"name":"wp","href":"https:\/\/api.w.org\/{rel}","templated":true}]}}