{"id":311,"date":"2005-12-15T10:42:02","date_gmt":"2005-12-15T10:42:02","guid":{"rendered":"http:\/\/baum-patenschaft.de\/?p=311"},"modified":"2005-12-15T10:42:02","modified_gmt":"2005-12-15T10:42:02","slug":"mission-gelungen","status":"publish","type":"post","link":"https:\/\/baeume.de\/de\/blog\/mission-gelungen.html","title":{"rendered":"Mission gelungen"},"content":{"rendered":"<p><strong>Brenner wirbt f\u00fcr Namibia-Projekt<\/strong><\/p>\n<p>Weilheim &#8211; Hifikepunye Pohamba, Staatspr\u00e4sident von Namibia im S\u00fcdwesten Afrikas, absolvierte k\u00fcrzlich seinen ersten Staatsbesuch in Deutschland, um f\u00fcr Namibia als Wirtschaftsstandort zu werben. An dem &#8222;Namibia Economic Forum&#8220; in Stuttgart nahm auch der Weilheimer Gottfried Brenner, Gr\u00fcnder Umweltschutzorganisation &#8222;B\u00e4ume f\u00fcr Menschen &#8211; Trees for the World&#8220;, teil.<\/p>\n","protected":false},"excerpt":{"rendered":"<p>Brenner wirbt f\u00fcr Namibia-Projekt Weilheim &#8211; Hifikepunye Pohamba, Staatspr\u00e4sident von Namibia im S\u00fcdwesten Afrikas, absolvierte k\u00fcrzlich seinen ersten Staatsbesuch in Deutschland, um f\u00fcr Namibia als Wirtschaftsstandort zu werben. An dem &#8222;Namibia Economic Forum&#8220; in Stuttgart nahm auch der Weilheimer Gottfried Brenner, Gr\u00fcnder Umweltschutzorganisation &#8222;B\u00e4ume f\u00fcr Menschen &#8211; Trees for the World&#8220;, teil.<\/p>\n","protected":false},"author":2,"featured_media":0,"comment_status":"closed","ping_status":"closed","sticky":false,"template":"","format":"standard","meta":{"footnotes":""},"categories":[18],"tags":[],"class_list":["post-311","post","type-post","status-publish","format-standard","hentry","category-pressespiegel-2005"],"_links":{"self":[{"href":"https:\/\/baeume.de\/de\/wp-json\/wp\/v2\/posts\/311","targetHints":{"allow":["GET"]}}],"collection":[{"href":"https:\/\/baeume.de\/de\/wp-json\/wp\/v2\/posts"}],"about":[{"href":"https:\/\/baeume.de\/de\/wp-json\/wp\/v2\/types\/post"}],"author":[{"embeddable":true,"href":"https:\/\/baeume.de\/de\/wp-json\/wp\/v2\/users\/2"}],"replies":[{"embeddable":true,"href":"https:\/\/baeume.de\/de\/wp-json\/wp\/v2\/comments?post=311"}],"version-history":[{"count":0,"href":"https:\/\/baeume.de\/de\/wp-json\/wp\/v2\/posts\/311\/revisions"}],"wp:attachment":[{"href":"https:\/\/baeume.de\/de\/wp-json\/wp\/v2\/media?parent=311"}],"wp:term":[{"taxonomy":"category","embeddable":true,"href":"https:\/\/baeume.de\/de\/wp-json\/wp\/v2\/categories?post=311"},{"taxonomy":"post_tag","embeddable":true,"href":"https:\/\/baeume.de\/de\/wp-json\/wp\/v2\/tags?post=311"}],"curies":[{"name":"wp","href":"https:\/\/api.w.org\/{rel}","templated":true}]}}