{"id":3127,"date":"2016-06-13T13:39:43","date_gmt":"2016-06-13T11:39:43","guid":{"rendered":"http:\/\/baeume.de\/?p=3127"},"modified":"2016-06-27T11:12:19","modified_gmt":"2016-06-27T09:12:19","slug":"3127","status":"publish","type":"post","link":"https:\/\/baeume.de\/de\/blog\/3127.html","title":{"rendered":"M\u00fcnchener Merkur B\u00e4ume pflanzen f\u00fcr das Klima"},"content":{"rendered":"<p style=\"text-align: justify;\">M\u00fcnchner Merkur 13.Juni 2016-06-13<\/p>\n<p style=\"text-align: justify;\">B\u00e4ume pflanzen f\u00fcr das Klima<\/p>\n<p style=\"text-align: justify;\">Weilheim &#8211;\u00a0 Die Sechstkl\u00e4ssler der Mittelschule Huglfing haben im Waldst\u00fcck der Umweltorganisation \u201eB\u00e4ume f\u00fcr Menschen \u2013 Trees for the World\u201c in Weilheim eingepflanzt. Sie wollten damit etwas f\u00fcr die Umwelt und das Klima tun, wie einer Pressemitteilung zu entnehmen ist, in der es auch hei\u00dft: \u201eDie Sch\u00fcler hatten viel Freude daran, mit dem Spaten L\u00f6cher auszuheben und B\u00e4ume einzusetzen.\u201c<\/p>\n<p style=\"text-align: justify;\">Im Unterricht hatten die Jugendlichen schon einiges \u00fcber die Funktion von B\u00e4umen und die Bedeutung des Waldes f\u00fcr den Menschen gelernt. Daher konnten sie die Fragen von F\u00f6rster Markus Resch (Bayerische Staatsforsten), der die Aktion im Auwald am Trifthof begleitete, laut der Mitteilung gut beantworten. Die B\u00e4ume, die gepflanzt wurden, waren von der Baumschule \u201eHandel\u201c in Tutzing gespendet worden. Bei der Auswahl der Pflanzen wurde darauf geachtet, dass diese bestimmten Kriterien erf\u00fcllen. F\u00fcr den Boden im Auwald sollten die B\u00e4ume gut geeignet sein. Die Organisation \u201eB\u00e4ume f\u00fcr Menschen\u201c ist unter Leitung von Gottfried Brenner in Namibia und Deutschland t\u00e4tig.<a href=\"\/wp-content\/uploads\/2016\/06\/B\u00e4ume-pflanzen-f\u00fcr-das-Klima-Merkur-13.6.16.bmp\"><img loading=\"lazy\" decoding=\"async\" class=\"alignnone size-full wp-image-3166\" src=\"\/wp-content\/uploads\/2016\/06\/B\u00e4ume-pflanzen-f\u00fcr-das-Klima-Merkur-13.6.16.bmp\" alt=\"B\u00e4ume pflanzen f\u00fcr das Klima Merkur 13.6.16\" width=\"1754\" height=\"1275\" \/><\/a><\/p>\n<p style=\"text-align: justify;\"><strong>\u00a0<\/strong><\/p>\n<p><strong>\u00a0<\/strong><\/p>\n<p>&nbsp;<\/p>\n","protected":false},"excerpt":{"rendered":"<p>M\u00fcnchner Merkur 13.Juni 2016-06-13 B\u00e4ume pflanzen f\u00fcr das Klima Weilheim &#8211;\u00a0 Die Sechstkl\u00e4ssler der Mittelschule Huglfing haben im Waldst\u00fcck der Umweltorganisation \u201eB\u00e4ume f\u00fcr Menschen \u2013 Trees for the World\u201c in Weilheim eingepflanzt. Sie wollten damit etwas f\u00fcr die Umwelt und das Klima tun, wie einer Pressemitteilung zu entnehmen ist, in der es auch hei\u00dft: \u201eDie [&hellip;]<\/p>\n","protected":false},"author":2,"featured_media":0,"comment_status":"closed","ping_status":"open","sticky":false,"template":"","format":"standard","meta":{"footnotes":""},"categories":[2,49],"tags":[],"class_list":["post-3127","post","type-post","status-publish","format-standard","hentry","category-pressemitteilungen","category-pressespiegel-2016"],"_links":{"self":[{"href":"https:\/\/baeume.de\/de\/wp-json\/wp\/v2\/posts\/3127","targetHints":{"allow":["GET"]}}],"collection":[{"href":"https:\/\/baeume.de\/de\/wp-json\/wp\/v2\/posts"}],"about":[{"href":"https:\/\/baeume.de\/de\/wp-json\/wp\/v2\/types\/post"}],"author":[{"embeddable":true,"href":"https:\/\/baeume.de\/de\/wp-json\/wp\/v2\/users\/2"}],"replies":[{"embeddable":true,"href":"https:\/\/baeume.de\/de\/wp-json\/wp\/v2\/comments?post=3127"}],"version-history":[{"count":0,"href":"https:\/\/baeume.de\/de\/wp-json\/wp\/v2\/posts\/3127\/revisions"}],"wp:attachment":[{"href":"https:\/\/baeume.de\/de\/wp-json\/wp\/v2\/media?parent=3127"}],"wp:term":[{"taxonomy":"category","embeddable":true,"href":"https:\/\/baeume.de\/de\/wp-json\/wp\/v2\/categories?post=3127"},{"taxonomy":"post_tag","embeddable":true,"href":"https:\/\/baeume.de\/de\/wp-json\/wp\/v2\/tags?post=3127"}],"curies":[{"name":"wp","href":"https:\/\/api.w.org\/{rel}","templated":true}]}}