{"id":3139,"date":"2016-06-14T12:30:48","date_gmt":"2016-06-14T10:30:48","guid":{"rendered":"http:\/\/baeume.de\/?p=3139"},"modified":"2016-06-27T11:08:11","modified_gmt":"2016-06-27T09:08:11","slug":"pflanzaktion-im-auwald-sechstklaessler-aus-der-mittelschule-huglfing-mit-eifer-bei-der-sache","status":"publish","type":"post","link":"https:\/\/baeume.de\/de\/blog\/pflanzaktion-im-auwald-sechstklaessler-aus-der-mittelschule-huglfing-mit-eifer-bei-der-sache.html","title":{"rendered":"Pflanzaktion im Auwald  Sechstkl\u00e4ssler aus der Mittelschule Huglfing mit Eifer bei der Sache"},"content":{"rendered":"<p>Weilheimer Kreisbote 23.05.2016<\/p>\n<p>Pflanzaktion im Auwald<\/p>\n<p>Sechstkl\u00e4ssler aus der Mittelschule Huglfing mit Eifer bei der Sache<\/p>\n<p>Weilheim- Etwas f\u00fcr die Umwelt und das Klima tun. Das wollten Sch\u00fcler der 6. Klasse aus der Mittelschule Huglfing. Begeistert von dem, was die Umweltorganisation \u201eB\u00e4ume f\u00fcr Menschen \u2013 Trees for the World\u201c in Namibia und Deutschland f\u00fcr den Menschen leistet, lie\u00dfen sie sich nicht langen bitten.<\/p>\n<p>Die Sch\u00fcler pflanzten im Schulwald der Weilheimer Organisation eigenh\u00e4ndig B\u00e4ume. Vom Unterricht im Vergangenem Jahr \u00fcber die Funktion des Waldes f\u00fcr den Menschen und die Bedeutung\u00a0 des Waldes f\u00fcr den Menschen informiert, konnte sie die Fragen von F\u00f6rster Markus Resch, Bayerische Staatsforsten, gut beantworten. Bei der Auswahl der B\u00e4ume waren einige Kriterien zu beachten. Baumschulen, wie sie auch in \u201eB\u00e4ume f\u00fcr Menschen\u201c in Namibia selbst betreibt, achten darauf welcher Samen einer bestimmten Herkunft in welche Areale gepflanzt werden k\u00f6nnen. Nicht jeder Boden ist f\u00fcr jede Baumsorte geeignet. Die B\u00e4ume f\u00fcr die Schulwald-Aktion wurden von der Baumschule Handel Tutzing gespendet.<\/p>\n<p>Die praktische Erfahrung und der Spa\u00df standen im Vordergrund. Die Sch\u00fcler hoben mit dem Spaten L\u00f6cher aus und setzten die B\u00e4ume ein. Der eigene gl\u00e4nzte durch tatkr\u00e4ftige Arbeiten mit dem Spaten, der andere brachte sein Wissen\u00a0 \u00fcber CO\u00b2 und Sauerstoff ein,. Hannah konnte sich sogar vorstellen, dass sie einmal ihrer Tochter zeigen kann, welchen Baum sie f\u00fcr sie gepflanzt hat.<\/p>\n<p>Die Sch\u00fcler freuen sich darauf, bald wieder etwas mit den \u201eB\u00e4ume-Freunden\u201c unternehmen zu d\u00fcrfen und weitere zu gewinnen. Fotos zu der Aktion und mehr Infos auf der Homepage www-baeume.de.<a href=\"\/wp-content\/uploads\/2016\/06\/Pflanzaktion-im-Auwald-Kreisbote-23.05.2016.bmp\"><img loading=\"lazy\" decoding=\"async\" class=\"alignnone size-full wp-image-3159\" src=\"\/wp-content\/uploads\/2016\/06\/Pflanzaktion-im-Auwald-Kreisbote-23.05.2016.bmp\" alt=\"Pflanzaktion im Auwald Kreisbote 23.05.2016\" width=\"1275\" height=\"1754\" \/><\/a><\/p>\n","protected":false},"excerpt":{"rendered":"<p>Weilheimer Kreisbote 23.05.2016 Pflanzaktion im Auwald Sechstkl\u00e4ssler aus der Mittelschule Huglfing mit Eifer bei der Sache Weilheim- Etwas f\u00fcr die Umwelt und das Klima tun. Das wollten Sch\u00fcler der 6. Klasse aus der Mittelschule Huglfing. Begeistert von dem, was die Umweltorganisation \u201eB\u00e4ume f\u00fcr Menschen \u2013 Trees for the World\u201c in Namibia und Deutschland f\u00fcr den [&hellip;]<\/p>\n","protected":false},"author":2,"featured_media":0,"comment_status":"closed","ping_status":"open","sticky":false,"template":"","format":"standard","meta":{"footnotes":""},"categories":[2,49],"tags":[],"class_list":["post-3139","post","type-post","status-publish","format-standard","hentry","category-pressemitteilungen","category-pressespiegel-2016"],"_links":{"self":[{"href":"https:\/\/baeume.de\/de\/wp-json\/wp\/v2\/posts\/3139","targetHints":{"allow":["GET"]}}],"collection":[{"href":"https:\/\/baeume.de\/de\/wp-json\/wp\/v2\/posts"}],"about":[{"href":"https:\/\/baeume.de\/de\/wp-json\/wp\/v2\/types\/post"}],"author":[{"embeddable":true,"href":"https:\/\/baeume.de\/de\/wp-json\/wp\/v2\/users\/2"}],"replies":[{"embeddable":true,"href":"https:\/\/baeume.de\/de\/wp-json\/wp\/v2\/comments?post=3139"}],"version-history":[{"count":0,"href":"https:\/\/baeume.de\/de\/wp-json\/wp\/v2\/posts\/3139\/revisions"}],"wp:attachment":[{"href":"https:\/\/baeume.de\/de\/wp-json\/wp\/v2\/media?parent=3139"}],"wp:term":[{"taxonomy":"category","embeddable":true,"href":"https:\/\/baeume.de\/de\/wp-json\/wp\/v2\/categories?post=3139"},{"taxonomy":"post_tag","embeddable":true,"href":"https:\/\/baeume.de\/de\/wp-json\/wp\/v2\/tags?post=3139"}],"curies":[{"name":"wp","href":"https:\/\/api.w.org\/{rel}","templated":true}]}}