{"id":3168,"date":"2016-06-27T11:19:02","date_gmt":"2016-06-27T09:19:02","guid":{"rendered":"http:\/\/baeume.de\/?p=3168"},"modified":"2016-07-15T16:09:35","modified_gmt":"2016-07-15T14:09:35","slug":"ein-neues-gesicht-baeume-fuer-menschen-trees-for-the-wrdl-hat-zuwachs-bekommen","status":"publish","type":"post","link":"https:\/\/baeume.de\/de\/blog\/ein-neues-gesicht-baeume-fuer-menschen-trees-for-the-wrdl-hat-zuwachs-bekommen.html","title":{"rendered":"Ein neues Gesicht &#8222;B\u00e4ume f\u00fcr Menschen &#8211; Trees for the World&#8220; hat Zuwachs bekommen"},"content":{"rendered":"<p>Ein neues Gesicht<\/p>\n<p>\u201eB\u00e4ume f\u00fcr Menschen \u2013 Trees for the World\u201c hat Zuwachs bekommen<\/p>\n<p>Weilheim \u2013 Die Gemeinn\u00fctzige Organisation \u201eB\u00e4ume f\u00fcr Menschen \u2013 Trees for the World\u201c hat Unterst\u00fctzung in Sachen Organisation und Social Media erhalten.<\/p>\n<p>Die 20-j\u00e4hrige Sahra aus Pei\u00dfenberg arbeitet erst seit kurzem in dem Weilheimer Einrichtung, hat aber schon einiges zu tun. Zu ihren Aufgaben geh\u00f6ren die E-Mailkorrespondenz sowie auch das Erstellen der ein oder anderen Exeltabelle. Zudem k\u00fcmmert sich die Pei\u00dfenbergerin, die ansonsten im Verkauf arbeitete, um den Facebookauftritt des Vereins. Momentan z\u00e4hlt die Seite zirka 90 Likes.<\/p>\n<p>Zwar stehen ihre genauen Arbeitszeiten noch nicht fest, Sahra m\u00f6chten aber zwei Mal w\u00f6chentlich ehrenamtlich \u201evon morgens bis abends\u201c bei \u201eB\u00e4ume f\u00fcr Menschen \u2013 Trees for the World\u201c arbeiten.<\/p>\n<p>Auf die Stelle gekommen ist sie durch \u00a0ein Zeitungsinserat im Kreisboten, das von dem Vorstandsvorsitzemden Gottfried Brenner geschalten wurde. Davor habe sie aber schon von \u201eB\u00e4ume f\u00fcr Menschen &#8211; Trees for the World\u201c geh\u00f6rt.<\/p>\n<p>Zu den Gr\u00fcnden f\u00fcr ihr soziales Engagement meinte sie, dass ihr die Arbeit dort Spa\u00df mache. Au\u00dferdem k\u00f6nne sie so gleichzeitig Berufserfahrung sammeln und etwas Gutes tun. Ihrer Meinung nach reicht es nicht, nur vom Klimawandel zu sprechen, man m\u00fcsse auch etwas dagegen unternehmen, so Sahra.<a href=\"\/wp-content\/uploads\/2016\/06\/Ein-neues-Gesicht-Kreisbote-18.6.2016.bmp\"><img loading=\"lazy\" decoding=\"async\" class=\"alignnone size-full wp-image-3169\" src=\"\/wp-content\/uploads\/2016\/06\/Ein-neues-Gesicht-Kreisbote-18.6.2016.bmp\" alt=\"Ein neues Gesicht Kreisbote 18.6.2016\" width=\"1275\" height=\"1754\" \/><\/a><\/p>\n","protected":false},"excerpt":{"rendered":"<p>Ein neues Gesicht \u201eB\u00e4ume f\u00fcr Menschen \u2013 Trees for the World\u201c hat Zuwachs bekommen Weilheim \u2013 Die Gemeinn\u00fctzige Organisation \u201eB\u00e4ume f\u00fcr Menschen \u2013 Trees for the World\u201c hat Unterst\u00fctzung in Sachen Organisation und Social Media erhalten. Die 20-j\u00e4hrige Sahra aus Pei\u00dfenberg arbeitet erst seit kurzem in dem Weilheimer Einrichtung, hat aber schon einiges zu tun. [&hellip;]<\/p>\n","protected":false},"author":2,"featured_media":0,"comment_status":"closed","ping_status":"open","sticky":false,"template":"","format":"standard","meta":{"footnotes":""},"categories":[2,50,49],"tags":[],"class_list":["post-3168","post","type-post","status-publish","format-standard","hentry","category-pressemitteilungen","category-aktuelles","category-pressespiegel-2016"],"_links":{"self":[{"href":"https:\/\/baeume.de\/de\/wp-json\/wp\/v2\/posts\/3168","targetHints":{"allow":["GET"]}}],"collection":[{"href":"https:\/\/baeume.de\/de\/wp-json\/wp\/v2\/posts"}],"about":[{"href":"https:\/\/baeume.de\/de\/wp-json\/wp\/v2\/types\/post"}],"author":[{"embeddable":true,"href":"https:\/\/baeume.de\/de\/wp-json\/wp\/v2\/users\/2"}],"replies":[{"embeddable":true,"href":"https:\/\/baeume.de\/de\/wp-json\/wp\/v2\/comments?post=3168"}],"version-history":[{"count":0,"href":"https:\/\/baeume.de\/de\/wp-json\/wp\/v2\/posts\/3168\/revisions"}],"wp:attachment":[{"href":"https:\/\/baeume.de\/de\/wp-json\/wp\/v2\/media?parent=3168"}],"wp:term":[{"taxonomy":"category","embeddable":true,"href":"https:\/\/baeume.de\/de\/wp-json\/wp\/v2\/categories?post=3168"},{"taxonomy":"post_tag","embeddable":true,"href":"https:\/\/baeume.de\/de\/wp-json\/wp\/v2\/tags?post=3168"}],"curies":[{"name":"wp","href":"https:\/\/api.w.org\/{rel}","templated":true}]}}