{"id":317,"date":"2006-04-11T10:52:28","date_gmt":"2006-04-11T10:52:28","guid":{"rendered":"http:\/\/baum-patenschaft.de\/?p=317"},"modified":"2006-04-11T10:52:28","modified_gmt":"2006-04-11T10:52:28","slug":"den-heimischen-wald-verstehen","status":"publish","type":"post","link":"https:\/\/baeume.de\/de\/blog\/den-heimischen-wald-verstehen.html","title":{"rendered":"Den heimischen Wald verstehen"},"content":{"rendered":"<p><strong>Schulwald-Projekt von &#8222;B\u00e4ume f\u00fcr Menschen&#8220;<\/strong><\/p>\n<p>Weilheim &#8211; Die Umweltschutzorganisation &#8222;B\u00e4ume f\u00fcr Menschen&#8220; hat im Rahmen ihres Schulwald-Projekts am Tiefenbach in Weilheim weitere 100 B\u00e4ume eingesetzt. In der vergangenen Woche wurden die jungen Setzlinge \u2013 Eiche , Ahorn und Pappeln \u2013 in die Erde gepflanzt und erg\u00e4nzen damit den bereits vorhandenen Bestand von 50 Auwaldb\u00e4umen.<\/p>\n","protected":false},"excerpt":{"rendered":"<p>Schulwald-Projekt von &#8222;B\u00e4ume f\u00fcr Menschen&#8220; Weilheim &#8211; Die Umweltschutzorganisation &#8222;B\u00e4ume f\u00fcr Menschen&#8220; hat im Rahmen ihres Schulwald-Projekts am Tiefenbach in Weilheim weitere 100 B\u00e4ume eingesetzt. In der vergangenen Woche wurden die jungen Setzlinge \u2013 Eiche , Ahorn und Pappeln \u2013 in die Erde gepflanzt und erg\u00e4nzen damit den bereits vorhandenen Bestand von 50 Auwaldb\u00e4umen.<\/p>\n","protected":false},"author":2,"featured_media":0,"comment_status":"closed","ping_status":"closed","sticky":false,"template":"","format":"standard","meta":{"footnotes":""},"categories":[28],"tags":[],"class_list":["post-317","post","type-post","status-publish","format-standard","hentry","category-pressespiegel-2006"],"_links":{"self":[{"href":"https:\/\/baeume.de\/de\/wp-json\/wp\/v2\/posts\/317","targetHints":{"allow":["GET"]}}],"collection":[{"href":"https:\/\/baeume.de\/de\/wp-json\/wp\/v2\/posts"}],"about":[{"href":"https:\/\/baeume.de\/de\/wp-json\/wp\/v2\/types\/post"}],"author":[{"embeddable":true,"href":"https:\/\/baeume.de\/de\/wp-json\/wp\/v2\/users\/2"}],"replies":[{"embeddable":true,"href":"https:\/\/baeume.de\/de\/wp-json\/wp\/v2\/comments?post=317"}],"version-history":[{"count":0,"href":"https:\/\/baeume.de\/de\/wp-json\/wp\/v2\/posts\/317\/revisions"}],"wp:attachment":[{"href":"https:\/\/baeume.de\/de\/wp-json\/wp\/v2\/media?parent=317"}],"wp:term":[{"taxonomy":"category","embeddable":true,"href":"https:\/\/baeume.de\/de\/wp-json\/wp\/v2\/categories?post=317"},{"taxonomy":"post_tag","embeddable":true,"href":"https:\/\/baeume.de\/de\/wp-json\/wp\/v2\/tags?post=317"}],"curies":[{"name":"wp","href":"https:\/\/api.w.org\/{rel}","templated":true}]}}