{"id":323,"date":"2006-10-18T10:55:24","date_gmt":"2006-10-18T10:55:24","guid":{"rendered":"http:\/\/baum-patenschaft.de\/?p=323"},"modified":"2015-10-26T16:42:39","modified_gmt":"2015-10-26T14:42:39","slug":"op-in-murnau-soll-bub-aus-namibia-retten","status":"publish","type":"post","link":"https:\/\/baeume.de\/de\/blog\/op-in-murnau-soll-bub-aus-namibia-retten.html","title":{"rendered":"OP in Murnau soll Bub aus Namibia retten"},"content":{"rendered":"<p><strong>&#8222;Trees for the World&#8220;, Landratsamt, MZT und \u00c4rzte-Verband helfen<\/strong><\/p>\n<p>Weilheim &#8211; Mit einer gro\u00dfen Hilfsaktion soll dem 13 Jahre alten David Halupe aus Namibia geholfen werden.<\/p>\n<p>David wurde vor \u00fcber einem Jahr bei einem Brand schwerst verletzt und lebte monatelang mit verkr\u00fcppelten H\u00e4nden und schweren Wunden wie ein Auss\u00e4tziger in einem Hospital in Ondangwa im Norden Namibias, medizinisch nur notd\u00fcrftigst versorgt.<\/p>\n<p>Dort lernte ihn Gottfried Brenner von der Weilheimer Hilfsorganisation &#8222;Trees for the World&#8220; kennen, der nun alles daran setzt, dass der Bub im Murnauer Unfallkrankenhaus operiert wird.<\/p>\n","protected":false},"excerpt":{"rendered":"<p>&#8222;Trees for the World&#8220;, Landratsamt, MZT und \u00c4rzte-Verband helfen Weilheim &#8211; Mit einer gro\u00dfen Hilfsaktion soll dem 13 Jahre alten David Halupe aus Namibia geholfen werden. David wurde vor \u00fcber einem Jahr bei einem Brand schwerst verletzt und lebte monatelang mit verkr\u00fcppelten H\u00e4nden und schweren Wunden wie ein Auss\u00e4tziger in einem Hospital in Ondangwa im [&hellip;]<\/p>\n","protected":false},"author":2,"featured_media":0,"comment_status":"closed","ping_status":"closed","sticky":false,"template":"","format":"standard","meta":{"footnotes":""},"categories":[28],"tags":[],"class_list":["post-323","post","type-post","status-publish","format-standard","hentry","category-pressespiegel-2006"],"_links":{"self":[{"href":"https:\/\/baeume.de\/de\/wp-json\/wp\/v2\/posts\/323","targetHints":{"allow":["GET"]}}],"collection":[{"href":"https:\/\/baeume.de\/de\/wp-json\/wp\/v2\/posts"}],"about":[{"href":"https:\/\/baeume.de\/de\/wp-json\/wp\/v2\/types\/post"}],"author":[{"embeddable":true,"href":"https:\/\/baeume.de\/de\/wp-json\/wp\/v2\/users\/2"}],"replies":[{"embeddable":true,"href":"https:\/\/baeume.de\/de\/wp-json\/wp\/v2\/comments?post=323"}],"version-history":[{"count":0,"href":"https:\/\/baeume.de\/de\/wp-json\/wp\/v2\/posts\/323\/revisions"}],"wp:attachment":[{"href":"https:\/\/baeume.de\/de\/wp-json\/wp\/v2\/media?parent=323"}],"wp:term":[{"taxonomy":"category","embeddable":true,"href":"https:\/\/baeume.de\/de\/wp-json\/wp\/v2\/categories?post=323"},{"taxonomy":"post_tag","embeddable":true,"href":"https:\/\/baeume.de\/de\/wp-json\/wp\/v2\/tags?post=323"}],"curies":[{"name":"wp","href":"https:\/\/api.w.org\/{rel}","templated":true}]}}