{"id":325,"date":"2006-10-18T10:56:05","date_gmt":"2006-10-18T10:56:05","guid":{"rendered":"http:\/\/baum-patenschaft.de\/?p=325"},"modified":"2006-10-18T10:56:05","modified_gmt":"2006-10-18T10:56:05","slug":"viele-kleine-spenden","status":"publish","type":"post","link":"https:\/\/baeume.de\/de\/blog\/viele-kleine-spenden.html","title":{"rendered":"Viele kleine Spenden"},"content":{"rendered":"<p><strong>Hilfsaktion f\u00fcr David l\u00e4uft an<\/strong><\/p>\n<p>Weilheim &#8211; Noch wird er von den Tutzinger Missionsbenediktinerinnen im katholischen Krankenhaus von Windhoek medizinisch betreut und gepflegt, doch die Operation im Murnauer Krankenhaus r\u00fcckt f\u00fcr den bei einem Brand schwer verletzten und entstellten 13-j\u00e4hrigen David aus Namibia immer n\u00e4her.<\/p>\n<p>Die &#8222;Raiffeisenbank&#8220; Weilheim spendet nun 500 Euro f\u00fcr den Deutschlandaufenthalt des Buben, der von &#8222;B\u00e4ume f\u00fcr Menschen &#8211; Trees for the World&#8220; organisiert wird.<\/p>\n<p>An Kleinspenden sind bislang 3.000 Euro eingegangen, Gottfried Brenner von &#8222;B\u00e4ume f\u00fcr Menschen &#8211; Trees for the World&#8220; geht davon aus, dass 80.000 Euro ben\u00f6tigt werden, um den Buben zu heilen.<\/p>\n","protected":false},"excerpt":{"rendered":"<p>Hilfsaktion f\u00fcr David l\u00e4uft an Weilheim &#8211; Noch wird er von den Tutzinger Missionsbenediktinerinnen im katholischen Krankenhaus von Windhoek medizinisch betreut und gepflegt, doch die Operation im Murnauer Krankenhaus r\u00fcckt f\u00fcr den bei einem Brand schwer verletzten und entstellten 13-j\u00e4hrigen David aus Namibia immer n\u00e4her. Die &#8222;Raiffeisenbank&#8220; Weilheim spendet nun 500 Euro f\u00fcr den Deutschlandaufenthalt [&hellip;]<\/p>\n","protected":false},"author":2,"featured_media":0,"comment_status":"closed","ping_status":"closed","sticky":false,"template":"","format":"standard","meta":{"footnotes":""},"categories":[28],"tags":[],"class_list":["post-325","post","type-post","status-publish","format-standard","hentry","category-pressespiegel-2006"],"_links":{"self":[{"href":"https:\/\/baeume.de\/de\/wp-json\/wp\/v2\/posts\/325","targetHints":{"allow":["GET"]}}],"collection":[{"href":"https:\/\/baeume.de\/de\/wp-json\/wp\/v2\/posts"}],"about":[{"href":"https:\/\/baeume.de\/de\/wp-json\/wp\/v2\/types\/post"}],"author":[{"embeddable":true,"href":"https:\/\/baeume.de\/de\/wp-json\/wp\/v2\/users\/2"}],"replies":[{"embeddable":true,"href":"https:\/\/baeume.de\/de\/wp-json\/wp\/v2\/comments?post=325"}],"version-history":[{"count":0,"href":"https:\/\/baeume.de\/de\/wp-json\/wp\/v2\/posts\/325\/revisions"}],"wp:attachment":[{"href":"https:\/\/baeume.de\/de\/wp-json\/wp\/v2\/media?parent=325"}],"wp:term":[{"taxonomy":"category","embeddable":true,"href":"https:\/\/baeume.de\/de\/wp-json\/wp\/v2\/categories?post=325"},{"taxonomy":"post_tag","embeddable":true,"href":"https:\/\/baeume.de\/de\/wp-json\/wp\/v2\/tags?post=325"}],"curies":[{"name":"wp","href":"https:\/\/api.w.org\/{rel}","templated":true}]}}