{"id":3404,"date":"2017-05-22T21:20:00","date_gmt":"2017-05-22T19:20:00","guid":{"rendered":"https:\/\/baeume.de\/?p=3404"},"modified":"2017-05-22T21:20:00","modified_gmt":"2017-05-22T19:20:00","slug":"wiederaufforstung-schulwald","status":"publish","type":"post","link":"https:\/\/baeume.de\/de\/blog\/wiederaufforstung-schulwald.html","title":{"rendered":"Weilheimer Schulwald &#8211; Wiederaufforstung"},"content":{"rendered":"<p><strong>Pressemitteilung von \u201eB\u00e4ume f\u00fcr Menschen-Trees for the World\u201c aus Weilheim, das Amt f\u00fcr Ern\u00e4hrung, Landwirtschaft und Forsten Weilheim<\/strong><\/p>\n<p><strong>12.05.2017 Trifthof &#8211; Tiefenbach<\/strong><\/p>\n<p><strong>Pflanzaktion im Auwald<\/strong><\/p>\n<p>Am Freitag den 12. Mai hat bei sonnigem Wetter die Organisation \u201eB\u00e4ume f\u00fcr Menschen-Trees for the World\u201c aus Weilheim, das Amt f\u00fcr Ern\u00e4hrung, Landwirtschaft und Forsten (AELF) und die Stadt Weilheim die 6c Klasse der Mittelschule Weilheim unter der Leitung von Frau Maierhofer zu einer Pflanzschulung eingeladen.<\/p>\n<p>Auf einer st\u00e4dtischen Fl\u00e4che in N\u00e4he des Tiefenbachs, die der Organisation zur Verf\u00fcgung steht, wurden die Kinder vom Initiator Gottfried Brenner begr\u00fc\u00dft und vom Stadtwaldf\u00f6rster Herrn Christian Schuller vom AELF umfassend in die Pflanzung, Schutz und Pflege von Forstpflanzen eingewiesen. Es wurde auf die gro\u00dfe Bedeutung von B\u00e4umen und die Wichtigkeit der nachhaltigen und naturnahen Bewirtschaftung von W\u00e4ldern eingegangen.<\/p>\n<p>Anschlie\u00dfend sollten auch Pflanzen in den Boden gebracht werden. 60 B\u00e4umchen, gestiftet von der Baumschule Handel, 82327 Tutzing, standen zur Verf\u00fcgung. Eiche, Erle und Flatterulme waren die stand\u00f6rtlich geeigneten Baumarten. \u00dcber 20 H\u00e4ndepaare gruben, hackten und pflanzten. Im Anschluss wurde jede Pflanze mit einem Einzelschutz versehen, um Rehe und sp\u00e4ter auch Biber fernzuhalten. Tatkr\u00e4ftig unterst\u00fctzt wurden sie von Stadtrat Herrn Pentenrieder, der die ganze Aktion begleitete, sowie von Hans Guggemos (ehrenamtl. Mitarbeiter).<\/p>\n<p>B\u00e4ume f\u00fcr Menschen \u2013 Trees for the World, das Amt f\u00fcr Ern\u00e4hrung, Landwirtschaft und Forsten Weilheim und die Stadt Weilheim danken den flei\u00dfigen Helfern.<\/p>\n<p>B\u00e4ume f\u00fcr Menschen \u2013 Trees for the World e.V. sucht f\u00fcr die Bereiche \u201cB\u00fcroorganisation\u201c und \u201e\u00d6ffentlichkeitsarbeit\u201c dringend weitere ehrenamtliche Helferinnen und Helfer.<\/p>\n<p>Weitere Informationen auch unter www.baeume.de.<\/p>\n<div id=\"attachment_3399\" style=\"width: 1010px\" class=\"wp-caption alignleft\"><a href=\"http:\/\/baeume.de\/wp-content\/uploads\/2014\/12\/Pflanzaktion1.jpg\"><img loading=\"lazy\" decoding=\"async\" aria-describedby=\"caption-attachment-3399\" class=\"wp-image-3399 size-full\" src=\"http:\/\/baeume.de\/wp-content\/uploads\/2014\/12\/Pflanzaktion1.jpg\" alt=\"Wiederaufforstung\" width=\"1000\" height=\"750\" srcset=\"https:\/\/baeume.de\/wp-content\/uploads\/2014\/12\/Pflanzaktion1.jpg 1000w, https:\/\/baeume.de\/wp-content\/uploads\/2014\/12\/Pflanzaktion1-300x225.jpg 300w, https:\/\/baeume.de\/wp-content\/uploads\/2014\/12\/Pflanzaktion1-768x576.jpg 768w, https:\/\/baeume.de\/wp-content\/uploads\/2014\/12\/Pflanzaktion1-100x75.jpg 100w\" sizes=\"auto, (max-width: 1000px) 100vw, 1000px\" \/><\/a><p id=\"caption-attachment-3399\" class=\"wp-caption-text\">Stadtrat Pentenrieder (links), Forstamtmann Herr Schuller erkl\u00e4rt die Ausformung der Wurzel<\/p><\/div>\n<p>&nbsp;<\/p>\n<div id=\"attachment_3400\" style=\"width: 1010px\" class=\"wp-caption alignleft\"><a href=\"http:\/\/baeume.de\/wp-content\/uploads\/2014\/12\/Pflanzaktion2.jpg\"><img loading=\"lazy\" decoding=\"async\" aria-describedby=\"caption-attachment-3400\" class=\"wp-image-3400 size-full\" src=\"http:\/\/baeume.de\/wp-content\/uploads\/2014\/12\/Pflanzaktion2.jpg\" alt=\"Wiederaufforstung\" width=\"1000\" height=\"750\" srcset=\"https:\/\/baeume.de\/wp-content\/uploads\/2014\/12\/Pflanzaktion2.jpg 1000w, https:\/\/baeume.de\/wp-content\/uploads\/2014\/12\/Pflanzaktion2-300x225.jpg 300w, https:\/\/baeume.de\/wp-content\/uploads\/2014\/12\/Pflanzaktion2-768x576.jpg 768w, https:\/\/baeume.de\/wp-content\/uploads\/2014\/12\/Pflanzaktion2-100x75.jpg 100w\" sizes=\"auto, (max-width: 1000px) 100vw, 1000px\" \/><\/a><p id=\"caption-attachment-3400\" class=\"wp-caption-text\">Pflanzfl\u00e4che, Biberschaden im Vordergrund<\/p><\/div>\n<div id=\"attachment_3398\" style=\"width: 310px\" class=\"wp-caption alignleft\"><a href=\"http:\/\/baeume.de\/wp-content\/uploads\/2014\/12\/DSCI6100-_small.jpg\"><img loading=\"lazy\" decoding=\"async\" aria-describedby=\"caption-attachment-3398\" class=\"wp-image-3398 size-medium\" src=\"http:\/\/baeume.de\/wp-content\/uploads\/2014\/12\/DSCI6100-_small-300x225.jpg\" alt=\"Wiederaufforstung\" width=\"300\" height=\"225\" srcset=\"https:\/\/baeume.de\/wp-content\/uploads\/2014\/12\/DSCI6100-_small-300x225.jpg 300w, https:\/\/baeume.de\/wp-content\/uploads\/2014\/12\/DSCI6100-_small-768x576.jpg 768w, https:\/\/baeume.de\/wp-content\/uploads\/2014\/12\/DSCI6100-_small.jpg 1024w, https:\/\/baeume.de\/wp-content\/uploads\/2014\/12\/DSCI6100-_small-100x75.jpg 100w\" sizes=\"auto, (max-width: 300px) 100vw, 300px\" \/><\/a><p id=\"caption-attachment-3398\" class=\"wp-caption-text\">Forstamtmann Schuller und Gottfried Brenner<\/p><\/div>\n<div id=\"attachment_3401\" style=\"width: 310px\" class=\"wp-caption aligncenter\"><a href=\"http:\/\/baeume.de\/wp-content\/uploads\/2014\/12\/Pflanzaktion3.jpg\"><img loading=\"lazy\" decoding=\"async\" aria-describedby=\"caption-attachment-3401\" class=\"wp-image-3401 size-medium\" src=\"http:\/\/baeume.de\/wp-content\/uploads\/2014\/12\/Pflanzaktion3-300x225.jpg\" alt=\"Wiederaufforstung\" width=\"300\" height=\"225\" srcset=\"https:\/\/baeume.de\/wp-content\/uploads\/2014\/12\/Pflanzaktion3-300x225.jpg 300w, https:\/\/baeume.de\/wp-content\/uploads\/2014\/12\/Pflanzaktion3-768x576.jpg 768w, https:\/\/baeume.de\/wp-content\/uploads\/2014\/12\/Pflanzaktion3-100x75.jpg 100w, https:\/\/baeume.de\/wp-content\/uploads\/2014\/12\/Pflanzaktion3.jpg 1000w\" sizes=\"auto, (max-width: 300px) 100vw, 300px\" \/><\/a><p id=\"caption-attachment-3401\" class=\"wp-caption-text\">Pflanze nach sog. Wurzelschnitt wird an Helfer \u00fcbergeben<\/p><\/div>\n<div id=\"attachment_3397\" style=\"width: 930px\" class=\"wp-caption alignleft\"><a href=\"http:\/\/baeume.de\/wp-content\/uploads\/2014\/12\/DSCI0005_Lehrerin-e1495480393719.jpg\"><img loading=\"lazy\" decoding=\"async\" aria-describedby=\"caption-attachment-3397\" class=\"wp-image-3397 size-large\" src=\"http:\/\/baeume.de\/wp-content\/uploads\/2014\/12\/DSCI0005_Lehrerin-1024x768.jpg\" alt=\"Wiederaufforstung - Schulklasse Mittelschule WM\" width=\"920\" height=\"690\" \/><\/a><p id=\"caption-attachment-3397\" class=\"wp-caption-text\">Alle flei\u00dfigen Akteure<\/p><\/div>\n","protected":false},"excerpt":{"rendered":"<p>Pressemitteilung von \u201eB\u00e4ume f\u00fcr Menschen-Trees for the World\u201c aus Weilheim, das Amt f\u00fcr Ern\u00e4hrung, Landwirtschaft und Forsten Weilheim 12.05.2017 Trifthof &#8211; Tiefenbach Pflanzaktion im Auwald Am Freitag den 12. Mai hat bei sonnigem Wetter die Organisation \u201eB\u00e4ume f\u00fcr Menschen-Trees for the World\u201c aus Weilheim, das Amt f\u00fcr Ern\u00e4hrung, Landwirtschaft und Forsten (AELF) und die Stadt [&hellip;]<\/p>\n","protected":false},"author":17,"featured_media":0,"comment_status":"closed","ping_status":"open","sticky":false,"template":"","format":"standard","meta":{"footnotes":""},"categories":[50,87],"tags":[108,65,68,106,67,109,75,105,110],"class_list":["post-3404","post","type-post","status-publish","format-standard","hentry","category-aktuelles","category-pressespiegel-2017","tag-biberverbiss","tag-co2-klimaziel","tag-klimaschutz","tag-naturfreundehaus-weilheim","tag-setzlinge","tag-setzlinge-schuetzen","tag-weilheim","tag-weilheimer-schulwald","tag-wiederaufforstung"],"_links":{"self":[{"href":"https:\/\/baeume.de\/de\/wp-json\/wp\/v2\/posts\/3404","targetHints":{"allow":["GET"]}}],"collection":[{"href":"https:\/\/baeume.de\/de\/wp-json\/wp\/v2\/posts"}],"about":[{"href":"https:\/\/baeume.de\/de\/wp-json\/wp\/v2\/types\/post"}],"author":[{"embeddable":true,"href":"https:\/\/baeume.de\/de\/wp-json\/wp\/v2\/users\/17"}],"replies":[{"embeddable":true,"href":"https:\/\/baeume.de\/de\/wp-json\/wp\/v2\/comments?post=3404"}],"version-history":[{"count":0,"href":"https:\/\/baeume.de\/de\/wp-json\/wp\/v2\/posts\/3404\/revisions"}],"wp:attachment":[{"href":"https:\/\/baeume.de\/de\/wp-json\/wp\/v2\/media?parent=3404"}],"wp:term":[{"taxonomy":"category","embeddable":true,"href":"https:\/\/baeume.de\/de\/wp-json\/wp\/v2\/categories?post=3404"},{"taxonomy":"post_tag","embeddable":true,"href":"https:\/\/baeume.de\/de\/wp-json\/wp\/v2\/tags?post=3404"}],"curies":[{"name":"wp","href":"https:\/\/api.w.org\/{rel}","templated":true}]}}