{"id":343,"date":"2006-12-06T11:01:54","date_gmt":"2006-12-06T11:01:54","guid":{"rendered":"http:\/\/baum-patenschaft.de\/?p=343"},"modified":"2015-10-26T10:38:01","modified_gmt":"2015-10-26T08:38:01","slug":"keine-angst-vor-der-operation","status":"publish","type":"post","link":"https:\/\/baeume.de\/de\/blog\/keine-angst-vor-der-operation.html","title":{"rendered":"&#8222;Keine Angst vor der Operation&#8220;"},"content":{"rendered":"<p>[vc_row][vc_column][vc_column_text]<\/p>\n<h2>David braucht keine Angst vor der Operation haben<\/h2>\n<p><strong>David Halupe in Hohenpei\u00dfenberg &#8211; Bislang 11.500 Euro Spenden<\/strong><\/p>\n<p>Hohenpei\u00dfenberg &#8211; Seit Samstag ist der 14-j\u00e4hrige David Halupe aus Namibia, der bei einem Brand in seiner H\u00fctte schwer verletzt wurde, in Hohenpei\u00dfenberg. Anfang der Woche wurde in der Unfallklinik Murnau, wo er an beiden H\u00e4nden von Dr. Andreas Schmidt, Chefarzt f\u00fcr plastische Chirurgie, kostenlos operiert werden wird, der OP-Plan aufgestellt. Ins Leben gerufen wurde die Aktion &#8222;Hilfe f\u00fcr David&#8220;, bei der bislang 11.500 Euro an Spenden zusammenkamen, von der Hilfsorganisation &#8222;Trees for the World&#8220; in Weilheim.<br \/>\nDavid ist dankbar das so viele Menschen aus Weilheim und Umkreis ihm mit Spenden unterst\u00fctzen damit er wieder eine Chance auf ein normales Leben bekommt.<br \/>\nGottfried Brenner macht dem kleinen Jungen auch sehr viel mut, die er auch vor der OP gebrauchen kann, er m\u00f6chte das der Junge nicht soviel Angst hat.<\/p>\n<p>&#8222;Ich f\u00fchle mich gut, wenn jemand meine Muttersprache spricht&#8220;, freute sich David beim Sonntagskaffee im Pfarrhaus Hohenpei\u00dfenberg. Dort sorgte Pater Charles f\u00fcr die Verst\u00e4ndigung, der vier Jahre in Namibia lebte.[\/vc_column_text][vc_column_text]<\/p>\n<div id=\"attachment_417\" style=\"width: 310px\" class=\"wp-caption alignnone\"><a href=\"\/wp-content\/uploads\/2006\/12\/Pater-Charles-mit-David_670.jpg\"><img loading=\"lazy\" decoding=\"async\" aria-describedby=\"caption-attachment-417\" class=\"size-medium wp-image-417\" src=\"\/wp-content\/uploads\/2006\/12\/Pater-Charles-mit-David_670-300x225.jpg\" alt=\"Keine Angst vor der Operation\" width=\"300\" height=\"225\" srcset=\"https:\/\/baeume.de\/wp-content\/uploads\/2006\/12\/Pater-Charles-mit-David_670-300x225.jpg 300w, https:\/\/baeume.de\/wp-content\/uploads\/2006\/12\/Pater-Charles-mit-David_670-100x75.jpg 100w, https:\/\/baeume.de\/wp-content\/uploads\/2006\/12\/Pater-Charles-mit-David_670.jpg 670w\" sizes=\"auto, (max-width: 300px) 100vw, 300px\" \/><\/a><p id=\"caption-attachment-417\" class=\"wp-caption-text\">Keine Angst vor der Operation<\/p><\/div>\n<p>[\/vc_column_text][\/vc_column][\/vc_row]<\/p>\n","protected":false},"excerpt":{"rendered":"<p>[vc_row][vc_column][vc_column_text] David braucht keine Angst vor der Operation haben David Halupe in Hohenpei\u00dfenberg &#8211; Bislang 11.500 Euro Spenden Hohenpei\u00dfenberg &#8211; Seit Samstag ist der 14-j\u00e4hrige David Halupe aus Namibia, der bei einem Brand in seiner H\u00fctte schwer verletzt wurde, in Hohenpei\u00dfenberg. Anfang der Woche wurde in der Unfallklinik Murnau, wo er an beiden H\u00e4nden von [&hellip;]<\/p>\n","protected":false},"author":2,"featured_media":0,"comment_status":"closed","ping_status":"closed","sticky":false,"template":"","format":"standard","meta":{"footnotes":""},"categories":[28],"tags":[],"class_list":["post-343","post","type-post","status-publish","format-standard","hentry","category-pressespiegel-2006"],"_links":{"self":[{"href":"https:\/\/baeume.de\/de\/wp-json\/wp\/v2\/posts\/343","targetHints":{"allow":["GET"]}}],"collection":[{"href":"https:\/\/baeume.de\/de\/wp-json\/wp\/v2\/posts"}],"about":[{"href":"https:\/\/baeume.de\/de\/wp-json\/wp\/v2\/types\/post"}],"author":[{"embeddable":true,"href":"https:\/\/baeume.de\/de\/wp-json\/wp\/v2\/users\/2"}],"replies":[{"embeddable":true,"href":"https:\/\/baeume.de\/de\/wp-json\/wp\/v2\/comments?post=343"}],"version-history":[{"count":0,"href":"https:\/\/baeume.de\/de\/wp-json\/wp\/v2\/posts\/343\/revisions"}],"wp:attachment":[{"href":"https:\/\/baeume.de\/de\/wp-json\/wp\/v2\/media?parent=343"}],"wp:term":[{"taxonomy":"category","embeddable":true,"href":"https:\/\/baeume.de\/de\/wp-json\/wp\/v2\/categories?post=343"},{"taxonomy":"post_tag","embeddable":true,"href":"https:\/\/baeume.de\/de\/wp-json\/wp\/v2\/tags?post=343"}],"curies":[{"name":"wp","href":"https:\/\/api.w.org\/{rel}","templated":true}]}}