{"id":717,"date":"1996-11-21T11:37:27","date_gmt":"1996-11-21T09:37:27","guid":{"rendered":"http:\/\/baeume.de\/?p=717"},"modified":"2015-01-28T11:38:05","modified_gmt":"2015-01-28T09:38:05","slug":"minister-sichert-unterstuetzung-zu","status":"publish","type":"post","link":"https:\/\/baeume.de\/de\/blog\/minister-sichert-unterstuetzung-zu.html","title":{"rendered":"Minister sichert Unterst\u00fctzung zu"},"content":{"rendered":"<p>[vc_row][vc_column width=&#8220;1\/1&#8243;][vc_column_text css_animation=&#8220;&#8220;]<\/p>\n<p>Ich bin ein Textblock. Klicken Sie auf den Bearbeiten Button um diesen Text zu \u00e4ndern. Lorem ipsum dolor sit amet, consectetur adipiscing elit. Ut elit tellus, luctus nec ullamcorper mattis, pulvinar dapibus leo.<\/p>\n<p>[\/vc_column_text][vc_column_text]<strong>Erfolg f\u00fcr Aktion \u201e B\u00e4ume f\u00fcr Menschen \u201e<\/strong><\/p>\n<p>Gottfried Brenner ist mit seiner Aktion \u201c B\u00e4ume f\u00fcr Menschen\u00a0-Trees for the world \u201e ( wir berichteten ) wieder einen Schritt weitergekommen.<\/p>\n<p>Der bayrische Umweltminister Thomas Goppel sicherte Brenner w\u00e4hrend eines\u00a0Treffens seine Unterst\u00fctzung zu. In einem sp\u00e4teren Brief schreibt Goppel:\u00a0Ich habe Ihnen versprochen, f\u00fcr eine gezielte und hoch angesiedelte Fortsetzung\u00a0der Diskussion mit F\u00fchrungskr\u00e4ften des Bundesministeriums f\u00fcr wirtschaftliche\u00a0Zusammenarbeit und Entwicklung die Voraussetzungen zu schaffen.<\/p>\n<p>Der Minister hat Wort gehalten und dem Bundestagsabgeordneten\u00a0Klaus-J\u00fcrgen Hedrich schriftlich das Projekt vorgetragen.\u00a0Darin hei\u00dft es, da\u00df sich leitende Vertreter der Initiative \u201e B\u00e4ume f\u00fcr Menschen \u201e ,\u00a0Mitarbeiter des Ministers und Hedrich bald zu einem Gespr\u00e4ch treffen wollen.<\/p>\n<p>&nbsp;<\/p>\n<p>&nbsp;<\/p>\n<p>[\/vc_column_text][vc_single_image image=&#8220;718&#8243; alignment=&#8220;center&#8220; border_color=&#8220;grey&#8220; img_link_large=&#8220;yes&#8220; img_link_target=&#8220;_self&#8220; css_animation=&#8220;appear&#8220; img_size=&#8220;medium&#8220;][\/vc_column][\/vc_row]<\/p>\n","protected":false},"excerpt":{"rendered":"<p>[vc_row][vc_column width=&#8220;1\/1&#8243;][vc_column_text css_animation=&#8220;&#8220;] Ich bin ein Textblock. Klicken Sie auf den Bearbeiten Button um diesen Text zu \u00e4ndern. Lorem ipsum dolor sit amet, consectetur adipiscing elit. Ut elit tellus, luctus nec ullamcorper mattis, pulvinar dapibus leo. [\/vc_column_text][vc_column_text]Erfolg f\u00fcr Aktion \u201e B\u00e4ume f\u00fcr Menschen \u201e Gottfried Brenner ist mit seiner Aktion \u201c B\u00e4ume f\u00fcr Menschen\u00a0-Trees for [&hellip;]<\/p>\n","protected":false},"author":2,"featured_media":0,"comment_status":"open","ping_status":"open","sticky":false,"template":"","format":"standard","meta":{"footnotes":""},"categories":[36],"tags":[],"class_list":["post-717","post","type-post","status-publish","format-standard","hentry","category-pressespiegel-1996"],"_links":{"self":[{"href":"https:\/\/baeume.de\/de\/wp-json\/wp\/v2\/posts\/717","targetHints":{"allow":["GET"]}}],"collection":[{"href":"https:\/\/baeume.de\/de\/wp-json\/wp\/v2\/posts"}],"about":[{"href":"https:\/\/baeume.de\/de\/wp-json\/wp\/v2\/types\/post"}],"author":[{"embeddable":true,"href":"https:\/\/baeume.de\/de\/wp-json\/wp\/v2\/users\/2"}],"replies":[{"embeddable":true,"href":"https:\/\/baeume.de\/de\/wp-json\/wp\/v2\/comments?post=717"}],"version-history":[{"count":0,"href":"https:\/\/baeume.de\/de\/wp-json\/wp\/v2\/posts\/717\/revisions"}],"wp:attachment":[{"href":"https:\/\/baeume.de\/de\/wp-json\/wp\/v2\/media?parent=717"}],"wp:term":[{"taxonomy":"category","embeddable":true,"href":"https:\/\/baeume.de\/de\/wp-json\/wp\/v2\/categories?post=717"},{"taxonomy":"post_tag","embeddable":true,"href":"https:\/\/baeume.de\/de\/wp-json\/wp\/v2\/tags?post=717"}],"curies":[{"name":"wp","href":"https:\/\/api.w.org\/{rel}","templated":true}]}}