{"id":797,"date":"1999-08-22T14:10:28","date_gmt":"1999-08-22T12:10:28","guid":{"rendered":"http:\/\/baeume.de\/?p=797"},"modified":"2015-01-28T14:18:52","modified_gmt":"2015-01-28T12:18:52","slug":"baeume-fuer-namibia-weilheimer-projekt-bemueht-sich-um-aufforstung","status":"publish","type":"post","link":"https:\/\/baeume.de\/de\/blog\/baeume-fuer-namibia-weilheimer-projekt-bemueht-sich-um-aufforstung.html","title":{"rendered":"B\u00e4ume f\u00fcr Namibia, Weilheimer Projekt bem\u00fcht sich um Aufforstung"},"content":{"rendered":"<p>[vc_row][vc_column width=&#8220;1\/1&#8243;][vc_column_text]In Ondangwa, im entwaldeten Nordwesten Namibias, errichtete das in Weilheim ans\u00e4ssige Umweltprojekt \u201eB\u00e4ume f\u00fcr Men\u00adschen &#8211; Trees for the World\u201c, die erste von mehreren geplanten Baum\u00adschulen.<\/p>\n<p>Die Initiative geht auf Gottfried Brenner, den Vorstand der F\u00f6rderge\u00admeinschaft \u201eB\u00e4ume f\u00fcr Menschen\u201c, zu\u00adr\u00fcck. Der Versicherungskaufmann aus Weilheim rief das Projekt 1994 nach einer Afrika-Durchquerung mit dem VW-Bus und zwei Reisen nach Nami\u00adbia ins Leben. Die Aktion soll die Ausbreitung der W\u00fcsten stoppen und*die Lebensgrund\u00adlage der Bewohner. des n\u00f6rdlichen Namibia erhalten. Bas wenigen Jahr\u00adzehnten nutzte die nomadische\u00a0 Bev\u00f6l\u00adkerung das Land kaum. Als die Noma\u00adden sesshaft wurden, brachte dies nicht nur soziale Probleme.<\/p>\n<p>Brandrodung und Abholzung zerst\u00f6r\u00adten den urspr\u00fcnglich trockenen Savannenwald. Die Bewohner des Ovambolandes m\u00fcssen heute bis zu zehn Kilo\u00admeter Fu\u00dfmarsch zu Fu\u00df gehen, um Holz zu finden. Immer seltener f\u00e4llt Regen auf den ausgetrockneten Boden, Mensch und Vieh leiden unter Wasser\u00admangel.\u00a0Oft wird das Land aber auch \u00fcber\u00adschwemmt, weil der Boden die Nieder\u00adschl\u00e4ge nicht mehr speichern kann. Rin\u00adder- und Schafherden fressen die ver\u00adbliebenen Pflanzen kahl. Aus bisher in\u00adtakten \u00d6kosystemen werden durch Erosion und D\u00fcrre \u00f6de Kahlfl\u00e4chen.<\/p>\n<p>Das \u00f6kologische Problem im Norden Namibias droht sich auszuweiten. Der D\u00fcrreg\u00fcrtel k\u00f6nnte sich weiter ausdeh\u00adnen und sich dann mit der nach S\u00fcden vordringenden Sahara vereinigen. Brenners Projekt setzt auf Wieder\u00adaufforsten. Eine zentrale Baumschule soll ein Netz kleiner Baumschulen in D\u00f6rfern mit eigenen Setzlingen von Nutz- und Fruchtb\u00e4umen beliefern. Be\u00adwohner vor Ort betreuen eigenverant\u00adwortlich die Pflanzungen.<\/p>\n<p>Bisher zog \u201eB\u00e4ume f\u00fcr Menschen\u201c schon 100 000 Setzlinge und gab sie gegen ein gerin\u00adges Entgelt an die B\u00fcrger Ondangwas weiter. Neben den Arbeitspl\u00e4tzen in der Pflanzung erm\u00f6glichen diese Setzlinge auch, dass die B\u00fcrger die Fr\u00fcchte der schnell heranwachsenden Zitronen- und Mangob\u00e4ume auf dem Markt verkaufen k\u00f6nnen.\u00a0Die Pilotphase kostet rund 1,7 Millionen Mark, die durch Spenden und kommunale Patenschaften f\u00fcr die Baumschulen aufgebracht werden sol\u00adlen.<\/p>\n<p>Das Projekt wird von der bayeri\u00adschen Staatsregierung, den Wirtschafts\u00adjunioren Deutschlands sowie von ver\u00adschiedenen Sponsoren aus der Wirt\u00adschaft unterst\u00fctzt.Brenners Projekt will langfristig aus dem Norden Namibias das machen, was er einst war: eine bl\u00fchende Landschaft.\u00a0<em>N\u00e4here Informationen zu der Aktion gibt es unter Telefon 08 81\/80 01.<\/em><\/p>\n<p>[\/vc_column_text][vc_single_image image=&#8220;798&#8243; alignment=&#8220;center&#8220; border_color=&#8220;grey&#8220; img_link_large=&#8220;yes&#8220; img_link_target=&#8220;_self&#8220; css_animation=&#8220;appear&#8220; img_size=&#8220;medium&#8220;][\/vc_column][\/vc_row]<\/p>\n","protected":false},"excerpt":{"rendered":"<p>[vc_row][vc_column width=&#8220;1\/1&#8243;][vc_column_text]In Ondangwa, im entwaldeten Nordwesten Namibias, errichtete das in Weilheim ans\u00e4ssige Umweltprojekt \u201eB\u00e4ume f\u00fcr Men\u00adschen &#8211; Trees for the World\u201c, die erste von mehreren geplanten Baum\u00adschulen. Die Initiative geht auf Gottfried Brenner, den Vorstand der F\u00f6rderge\u00admeinschaft \u201eB\u00e4ume f\u00fcr Menschen\u201c, zu\u00adr\u00fcck. Der Versicherungskaufmann aus Weilheim rief das Projekt 1994 nach einer Afrika-Durchquerung mit dem VW-Bus [&hellip;]<\/p>\n","protected":false},"author":2,"featured_media":0,"comment_status":"open","ping_status":"open","sticky":false,"template":"","format":"standard","meta":{"footnotes":""},"categories":[12],"tags":[],"class_list":["post-797","post","type-post","status-publish","format-standard","hentry","category-pressespiegel-1999"],"_links":{"self":[{"href":"https:\/\/baeume.de\/de\/wp-json\/wp\/v2\/posts\/797","targetHints":{"allow":["GET"]}}],"collection":[{"href":"https:\/\/baeume.de\/de\/wp-json\/wp\/v2\/posts"}],"about":[{"href":"https:\/\/baeume.de\/de\/wp-json\/wp\/v2\/types\/post"}],"author":[{"embeddable":true,"href":"https:\/\/baeume.de\/de\/wp-json\/wp\/v2\/users\/2"}],"replies":[{"embeddable":true,"href":"https:\/\/baeume.de\/de\/wp-json\/wp\/v2\/comments?post=797"}],"version-history":[{"count":0,"href":"https:\/\/baeume.de\/de\/wp-json\/wp\/v2\/posts\/797\/revisions"}],"wp:attachment":[{"href":"https:\/\/baeume.de\/de\/wp-json\/wp\/v2\/media?parent=797"}],"wp:term":[{"taxonomy":"category","embeddable":true,"href":"https:\/\/baeume.de\/de\/wp-json\/wp\/v2\/categories?post=797"},{"taxonomy":"post_tag","embeddable":true,"href":"https:\/\/baeume.de\/de\/wp-json\/wp\/v2\/tags?post=797"}],"curies":[{"name":"wp","href":"https:\/\/api.w.org\/{rel}","templated":true}]}}