{"id":862,"date":"2001-08-09T16:37:47","date_gmt":"2001-08-09T14:37:47","guid":{"rendered":"http:\/\/baeume.de\/?p=862"},"modified":"2015-01-28T16:45:54","modified_gmt":"2015-01-28T14:45:54","slug":"stihl-forstet-auf","status":"publish","type":"post","link":"https:\/\/baeume.de\/de\/blog\/stihl-forstet-auf.html","title":{"rendered":"Stihl forstet auf"},"content":{"rendered":"<p>[vc_row][vc_column width=&#8220;1\/1&#8243;][vc_column_text]<\/p>\n<hr \/>\n<p>Der weltweit gr\u00f6\u00dfte Hersteller von Motors\u00e4gen unterst\u00fctzt im afrikanischen Namibia die Wiederaufforstung von, degradierten Trockengebieten. Zusammen mit der Umweltorganisation ,,B\u00e4ume f\u00fcr Menschen &#8211; Trees for the World&#8220; aus dem oberbayerischen Weilheim wurde im Norden Namibias von der ,,Stihl-Stiftung-Wa1d&#8220;, ein f\u00fcnf Hektar gro\u00dfes Gel\u00e4nde mit \u00fcber 2000 heimischen Jungb\u00e4umen bepflanzt.<\/p>\n<p>F\u00fcr die Einrichtung einer ,,Mutterbaumschule in 0ndangwa sowie weitere Anpflanzung zur Erhaltung der \u201egr\u00fcnen Lunge\u201c hatte der Deutsche Industrie- und Handelstag unter seinem fr\u00fcheren Pr\u00e4sidenten Hans Peter Stihl die Schirmherrschaft \u00fcbernommen.\u00a0Zur Finanzierung. weiterer Waldprojekte bietet \u201eTrees for the World &#8220; potenten Sponsoren auch eine nachwachsende Werbem\u00f6glichkeit an. Die neuen Anpflanzungen werden in Form des jeweiligen Firmenlogos gestaltet, das sp\u00e4ter ,,sogar aus dem\u00a0 All&#8220; erkennbar sein soll.<\/p>\n<p>[\/vc_column_text][vc_single_image image=&#8220;863&#8243; alignment=&#8220;center&#8220; border_color=&#8220;grey&#8220; img_link_large=&#8220;yes&#8220; img_link_target=&#8220;_self&#8220; css_animation=&#8220;appear&#8220; img_size=&#8220;medium&#8220;][\/vc_column][\/vc_row]<\/p>\n","protected":false},"excerpt":{"rendered":"<p>[vc_row][vc_column width=&#8220;1\/1&#8243;][vc_column_text] Der weltweit gr\u00f6\u00dfte Hersteller von Motors\u00e4gen unterst\u00fctzt im afrikanischen Namibia die Wiederaufforstung von, degradierten Trockengebieten. Zusammen mit der Umweltorganisation ,,B\u00e4ume f\u00fcr Menschen &#8211; Trees for the World&#8220; aus dem oberbayerischen Weilheim wurde im Norden Namibias von der ,,Stihl-Stiftung-Wa1d&#8220;, ein f\u00fcnf Hektar gro\u00dfes Gel\u00e4nde mit \u00fcber 2000 heimischen Jungb\u00e4umen bepflanzt. F\u00fcr die Einrichtung einer [&hellip;]<\/p>\n","protected":false},"author":2,"featured_media":0,"comment_status":"open","ping_status":"open","sticky":false,"template":"","format":"standard","meta":{"footnotes":""},"categories":[14],"tags":[],"class_list":["post-862","post","type-post","status-publish","format-standard","hentry","category-pressespiegel-2001"],"_links":{"self":[{"href":"https:\/\/baeume.de\/de\/wp-json\/wp\/v2\/posts\/862","targetHints":{"allow":["GET"]}}],"collection":[{"href":"https:\/\/baeume.de\/de\/wp-json\/wp\/v2\/posts"}],"about":[{"href":"https:\/\/baeume.de\/de\/wp-json\/wp\/v2\/types\/post"}],"author":[{"embeddable":true,"href":"https:\/\/baeume.de\/de\/wp-json\/wp\/v2\/users\/2"}],"replies":[{"embeddable":true,"href":"https:\/\/baeume.de\/de\/wp-json\/wp\/v2\/comments?post=862"}],"version-history":[{"count":0,"href":"https:\/\/baeume.de\/de\/wp-json\/wp\/v2\/posts\/862\/revisions"}],"wp:attachment":[{"href":"https:\/\/baeume.de\/de\/wp-json\/wp\/v2\/media?parent=862"}],"wp:term":[{"taxonomy":"category","embeddable":true,"href":"https:\/\/baeume.de\/de\/wp-json\/wp\/v2\/categories?post=862"},{"taxonomy":"post_tag","embeddable":true,"href":"https:\/\/baeume.de\/de\/wp-json\/wp\/v2\/tags?post=862"}],"curies":[{"name":"wp","href":"https:\/\/api.w.org\/{rel}","templated":true}]}}