{"id":95,"date":"1997-11-14T09:02:47","date_gmt":"1997-11-14T07:02:47","guid":{"rendered":"http:\/\/baum-patenschaft.de\/?p=95"},"modified":"2015-01-28T12:44:39","modified_gmt":"2015-01-28T10:44:39","slug":"akazien-in-der-savanne","status":"publish","type":"post","link":"https:\/\/baeume.de\/de\/blog\/akazien-in-der-savanne.html","title":{"rendered":"Akazien in der Savanne"},"content":{"rendered":"<p>[vc_row][vc_column][vc_column_text]<strong>Gottfried Brenners Aktion &#8222;B\u00e4ume f\u00fcr Menschen&#8220;<\/strong><\/p>\n<p>Gottfried Brenner hat sich einen Traum erf\u00fcllt: Ein Jahr lang war er mit dem VW-Bus von Kapstadt nach Weilheim unterwegs. Nach dieser Afrikadurchquerung hat ihn die Faszination des schwarzen Kontinents nich mehr losgelassen. Es folgten zwei Studienreisen nach Namibia, die ihm die \u00f6kologischen Probleme des Landes vor Augen f\u00fchrten. Der Weilheiner Versicherungskaufmann beschloss zu handeln: Seit 1994 entwickelt Brenner das Projekt &#8222;B\u00e4ume f\u00fcr Menschen &#8211; Trees for the World&#8220; mit dem Ziel, die Ausbreitung der W\u00fcsten zu stoppen und die Lebensgrundlagen der Bewohner des Ovambolandes zu erhalten.<\/p>\n<p>Dort, im relativ feuchten Norden Namibias, beherrschte urspr\u00fcnglich trockener Savannenwald das Landschaftsbild. Bis vor wenigen Jahrzehnten nutzte die nomadische Bev\u00f6lkerung das Land lediglich sporadisch, Vegetation und Boden konnten sich immer wieder erholen. Mit der Sesshaftigkeit kam die Zerst\u00f6rung der W\u00e4lder: Brandrodungen f\u00fcr Ackerland, Abholzen f\u00fcr Energiebedarf, den verbliebenen B\u00e4umen setzten Rinder- und Schafherden zu.<\/p>\n<p>Gnadenlose D\u00fcrre<\/p>\n<p>Die Entwaldung und Bodenver\u00addichtung hat dramatische \u00f6kolo\u00adgische Konsequenzen: Die Nie\u00adderschl\u00e4ge in der Regenzeit wer\u00adden nicht mehr gespeichert, \u00dcber\u00adschwemmungen und Abtrag fruchtbaren Bodens sind die Fol\u00adge. In der Trockenzeit von M\u00e4rz bis Oktober herrscht gnadenlose D\u00fcrre, Mensch und Vieh leiden unter Wassermangel.Brenners Projekt setzt auf Wie\u00adderaufforstung:\u00a0\u00a0\u00a0\u00a0\u00a0 Eine Mutterbaumschule soll auf einem ehe\u00admaligen Farmgel\u00e4nde errichtet werden, die ein Netz kleiner Baumschulen in D\u00f6rfern mit ge\u00adeigneten Setzlingen beliefert.<\/p>\n<p>Um eine weitere Waldpl\u00fcnde\u00adrung zu verhindern, ist geplant, raschwachsende Holzplantagen anzulegen, die der \u00f6rtlichen Be\u00adv\u00f6lkerung zur Energieversor\u00adgung dienen. Zudem ist Aufkl\u00e4rungs- und Forschungsarbeit n\u00f6\u00adtig, etwa um die Nutzung von Buschwerk als Holzkohleliefe\u00adrant zu untersuchen. Pilotphase Brenner wei\u00df, dass Aufforstungs\u00adprojekte nur sinnvoll sind, wenn sie von den Menschen vor Ort ei\u00adgenverantwortlich betreut wer\u00adden.<\/p>\n<p>Deshalb hat er der F\u00f6rderge\u00admeinschaft einen namibischen Schwesterverein zur Seite ge\u00adstellt, um die Ma\u00dfnahmen in Afri\u00adka zu leiten. F\u00fcr die Finanzie\u00adrung ist der Verein in Weilheim zust\u00e4ndig, der unter der Schirm\u00adherrschaft des Deutschen Indu\u00adstrie- und Handelstags steht.F\u00fcr die Pilotphase von 1998 bis 2001 hat Brenner Ausgaben von 1,7 Millionen Mark veranschlagt, die durch gewerbliche, \u00f6ffentli\u00adche und private Spenden aufge\u00adbracht werden sollen. Kommuna\u00adle Patenschaften f\u00fcr die Baum\u00adschulen sind geplant, die entspre\u00adchenden Antr\u00e4ge hat der Initia\u00adtor im Weilheimer und Schongau- er Stadtrat bereits gestellt.<\/p>\n<p>Derzeit ist Armin Brenner dabei, Spendenaufrufe an Wirtschafts\u00adbetriebe in der Region zu ver\u00adschicken: \u201eSchenken Sie Ihren Gesch\u00e4ftsfreunden zu Weihnach\u00adten einen Baum\u201c &#8211; eine lebende Akazie in der afrikanischen Sa\u00advanne ist sicher \u00f6kologisch sinn\u00advoller als eine tote Fichte im Wohnzimmer. <em>Armin Greune<\/em><em>(N\u00e4here Informationen: B\u00e4ume f\u00fcr Menschen &#8211; Trees for the World e.V., Vorstandsvorsitzen\u00adder Gottfried Brenner, Rathaus\u00adplatz 6, 82362 Weilheim, Telefon 0881\/8001)<\/em><\/p>\n<p>[\/vc_column_text][vc_single_image image=&#8220;751&#8243; alignment=&#8220;center&#8220; border_color=&#8220;grey&#8220; img_link_large=&#8220;yes&#8220; img_link_target=&#8220;_self&#8220; css_animation=&#8220;appear&#8220; img_size=&#8220;medium&#8220;][\/vc_column][\/vc_row]<\/p>\n","protected":false},"excerpt":{"rendered":"<p>[vc_row][vc_column][vc_column_text]Gottfried Brenners Aktion &#8222;B\u00e4ume f\u00fcr Menschen&#8220; Gottfried Brenner hat sich einen Traum erf\u00fcllt: Ein Jahr lang war er mit dem VW-Bus von Kapstadt nach Weilheim unterwegs. Nach dieser Afrikadurchquerung hat ihn die Faszination des schwarzen Kontinents nich mehr losgelassen. Es folgten zwei Studienreisen nach Namibia, die ihm die \u00f6kologischen Probleme des Landes vor Augen f\u00fchrten. [&hellip;]<\/p>\n","protected":false},"author":2,"featured_media":0,"comment_status":"closed","ping_status":"closed","sticky":false,"template":"","format":"standard","meta":{"footnotes":""},"categories":[10],"tags":[],"class_list":["post-95","post","type-post","status-publish","format-standard","hentry","category-pressespiegel-1997"],"_links":{"self":[{"href":"https:\/\/baeume.de\/de\/wp-json\/wp\/v2\/posts\/95","targetHints":{"allow":["GET"]}}],"collection":[{"href":"https:\/\/baeume.de\/de\/wp-json\/wp\/v2\/posts"}],"about":[{"href":"https:\/\/baeume.de\/de\/wp-json\/wp\/v2\/types\/post"}],"author":[{"embeddable":true,"href":"https:\/\/baeume.de\/de\/wp-json\/wp\/v2\/users\/2"}],"replies":[{"embeddable":true,"href":"https:\/\/baeume.de\/de\/wp-json\/wp\/v2\/comments?post=95"}],"version-history":[{"count":0,"href":"https:\/\/baeume.de\/de\/wp-json\/wp\/v2\/posts\/95\/revisions"}],"wp:attachment":[{"href":"https:\/\/baeume.de\/de\/wp-json\/wp\/v2\/media?parent=95"}],"wp:term":[{"taxonomy":"category","embeddable":true,"href":"https:\/\/baeume.de\/de\/wp-json\/wp\/v2\/categories?post=95"},{"taxonomy":"post_tag","embeddable":true,"href":"https:\/\/baeume.de\/de\/wp-json\/wp\/v2\/tags?post=95"}],"curies":[{"name":"wp","href":"https:\/\/api.w.org\/{rel}","templated":true}]}}