{"id":970,"date":"2003-03-23T18:19:10","date_gmt":"2003-03-23T16:19:10","guid":{"rendered":"http:\/\/baeume.de\/?p=970"},"modified":"2015-01-29T18:24:20","modified_gmt":"2015-01-29T16:24:20","slug":"neues-projekt-baeume-fuer-menschen-jetzt-auch-in-bolivien","status":"publish","type":"post","link":"https:\/\/baeume.de\/de\/blog\/neues-projekt-baeume-fuer-menschen-jetzt-auch-in-bolivien.html","title":{"rendered":"Neues Projekt  B\u00e4ume f\u00fcr Menschen jetzt auch in Bolivien"},"content":{"rendered":"<p>[vc_row][vc_column width=&#8220;1\/1&#8243;][vc_column_text]Weilheim &#8211; Gute Nachrichten hat der Vorsitzende der international engagierten Umweltorganisation ,,B\u00e4ume f\u00fcr Menschen \u2013 Trees for the World\u201c, Gottfried Brenner aus Weilheim, zu vermelden. Das vorn Verein initiierte Aufforstungsprojekt im s\u00fcdwestafrikanischen Ondangwa l\u00e4uft gut. Mit einer weiteren Aktion soll nun auch f\u00fcr die Menschen im entwaldeten Hochland von Bolivien eine gr\u00fcne Zukunft geschaffen werden. Mit dem Aufbau einer Mutterbaumschule in Santiago de Huari in Bolivien wurde bereits begonnen, es stehen daf\u00fcr zehn Hektar Land zur Verf\u00fcgung. Pro Jahr sollen 30000 B\u00e4ume produziert und ein Netzwerk mit \u00f6rtlichen Zweigstellen aufgebaut werden.<\/p>\n<p>Auf einem Waldlehrpfad sollen heimische Baumarten f\u00fcr k\u00fcnftige Generationen gepflanzt werden. Von der ersten Stunde an arbeitet an diesem Aufforstungsprojekt Lukas Flugel mit. Der Penzberger ist zurzeit damit besch\u00e4ftigt, das Gel\u00e4nde f\u00fcr die Pflanzung vorzubereiten.[\/vc_column_text][vc_single_image alignment=&#8220;center&#8220; border_color=&#8220;grey&#8220; img_link_large=&#8220;yes&#8220; img_link_target=&#8220;_self&#8220; css_animation=&#8220;appear&#8220; img_size=&#8220;medium&#8220; title=&#8220;Neues Projekt B\u00e4ume f\u00fcr Menschen jetzt auch in Bolivien &#8220; image=&#8220;972&#8243;][\/vc_column][\/vc_row]<\/p>\n","protected":false},"excerpt":{"rendered":"<p>[vc_row][vc_column width=&#8220;1\/1&#8243;][vc_column_text]Weilheim &#8211; Gute Nachrichten hat der Vorsitzende der international engagierten Umweltorganisation ,,B\u00e4ume f\u00fcr Menschen \u2013 Trees for the World\u201c, Gottfried Brenner aus Weilheim, zu vermelden. Das vorn Verein initiierte Aufforstungsprojekt im s\u00fcdwestafrikanischen Ondangwa l\u00e4uft gut. Mit einer weiteren Aktion soll nun auch f\u00fcr die Menschen im entwaldeten Hochland von Bolivien eine gr\u00fcne Zukunft geschaffen [&hellip;]<\/p>\n","protected":false},"author":2,"featured_media":0,"comment_status":"open","ping_status":"open","sticky":false,"template":"","format":"standard","meta":{"footnotes":""},"categories":[16],"tags":[],"class_list":["post-970","post","type-post","status-publish","format-standard","hentry","category-pressespiegel-2003"],"_links":{"self":[{"href":"https:\/\/baeume.de\/de\/wp-json\/wp\/v2\/posts\/970","targetHints":{"allow":["GET"]}}],"collection":[{"href":"https:\/\/baeume.de\/de\/wp-json\/wp\/v2\/posts"}],"about":[{"href":"https:\/\/baeume.de\/de\/wp-json\/wp\/v2\/types\/post"}],"author":[{"embeddable":true,"href":"https:\/\/baeume.de\/de\/wp-json\/wp\/v2\/users\/2"}],"replies":[{"embeddable":true,"href":"https:\/\/baeume.de\/de\/wp-json\/wp\/v2\/comments?post=970"}],"version-history":[{"count":0,"href":"https:\/\/baeume.de\/de\/wp-json\/wp\/v2\/posts\/970\/revisions"}],"wp:attachment":[{"href":"https:\/\/baeume.de\/de\/wp-json\/wp\/v2\/media?parent=970"}],"wp:term":[{"taxonomy":"category","embeddable":true,"href":"https:\/\/baeume.de\/de\/wp-json\/wp\/v2\/categories?post=970"},{"taxonomy":"post_tag","embeddable":true,"href":"https:\/\/baeume.de\/de\/wp-json\/wp\/v2\/tags?post=970"}],"curies":[{"name":"wp","href":"https:\/\/api.w.org\/{rel}","templated":true}]}}